{"id":5668,"date":"2022-03-09T10:25:55","date_gmt":"2022-03-09T08:25:55","guid":{"rendered":"http:\/\/amacg.lyceegutenberg.net\/?p=5668"},"modified":"2022-03-09T10:27:20","modified_gmt":"2022-03-09T08:27:20","slug":"36-days-of-type-3","status":"publish","type":"post","link":"https:\/\/amacg.lyceegutenberg.net\/?p=5668","title":{"rendered":"36 Days of Type"},"content":{"rendered":"\n<figure class=\"wp-block-embed is-type-video is-provider-vimeo wp-block-embed-vimeo wp-embed-aspect-1-1 wp-has-aspect-ratio\"><div class=\"wp-block-embed__wrapper\">\n<iframe loading=\"lazy\" title=\"36 Days of Type\" src=\"https:\/\/player.vimeo.com\/video\/275369153?h=1d2cd5aac5&amp;dnt=1&amp;app_id=122963\" width=\"584\" height=\"584\" frameborder=\"0\" allow=\"autoplay; fullscreen; picture-in-picture\" allowfullscreen><\/iframe>\n<\/div><\/figure>\n\n\n\n<p>comme chaque ann\u00e9e \u00e0 cette p\u00e9riode a lieu l&rsquo;\u00e9v\u00e9nement : <a rel=\"noreferrer noopener\" href=\"https:\/\/www.36daysoftype.com\/\" target=\"_blank\"><strong>36 Days of Type<\/strong><\/a><br>auquel participent plusieurs graphistes, illustrateurs, lettreurs <br>qui proposent le dessin d&rsquo;une lettre par jour<br>retrouvez leur participation sur Instagram avec <strong>#36daysoftype<\/strong> !<\/p>\n\n\n\n<p>retour dans ce billet de la participation anim\u00e9e du motion designer <strong>Sam Burton<\/strong><\/p>\n","protected":false},"excerpt":{"rendered":"<p>comme chaque ann\u00e9e \u00e0 cette p\u00e9riode a lieu l&rsquo;\u00e9v\u00e9nement : 36 Days of Typeauquel participent plusieurs graphistes, illustrateurs, lettreurs qui proposent le dessin d&rsquo;une lettre par jourretrouvez leur participation sur Instagram avec #36daysoftype ! retour dans ce billet de la &hellip; <a href=\"https:\/\/amacg.lyceegutenberg.net\/?p=5668\">Continuer la lecture <span class=\"meta-nav\">&rarr;<\/span><\/a><\/p>\n","protected":false},"author":2,"featured_media":0,"comment_status":"closed","ping_status":"closed","sticky":false,"template":"","format":"standard","meta":{"footnotes":""},"categories":[22,5],"tags":[],"_links":{"self":[{"href":"https:\/\/amacg.lyceegutenberg.net\/index.php?rest_route=\/wp\/v2\/posts\/5668"}],"collection":[{"href":"https:\/\/amacg.lyceegutenberg.net\/index.php?rest_route=\/wp\/v2\/posts"}],"about":[{"href":"https:\/\/amacg.lyceegutenberg.net\/index.php?rest_route=\/wp\/v2\/types\/post"}],"author":[{"embeddable":true,"href":"https:\/\/amacg.lyceegutenberg.net\/index.php?rest_route=\/wp\/v2\/users\/2"}],"replies":[{"embeddable":true,"href":"https:\/\/amacg.lyceegutenberg.net\/index.php?rest_route=%2Fwp%2Fv2%2Fcomments&post=5668"}],"version-history":[{"count":3,"href":"https:\/\/amacg.lyceegutenberg.net\/index.php?rest_route=\/wp\/v2\/posts\/5668\/revisions"}],"predecessor-version":[{"id":5671,"href":"https:\/\/amacg.lyceegutenberg.net\/index.php?rest_route=\/wp\/v2\/posts\/5668\/revisions\/5671"}],"wp:attachment":[{"href":"https:\/\/amacg.lyceegutenberg.net\/index.php?rest_route=%2Fwp%2Fv2%2Fmedia&parent=5668"}],"wp:term":[{"taxonomy":"category","embeddable":true,"href":"https:\/\/amacg.lyceegutenberg.net\/index.php?rest_route=%2Fwp%2Fv2%2Fcategories&post=5668"},{"taxonomy":"post_tag","embeddable":true,"href":"https:\/\/amacg.lyceegutenberg.net\/index.php?rest_route=%2Fwp%2Fv2%2Ftags&post=5668"}],"curies":[{"name":"wp","href":"https:\/\/api.w.org\/{rel}","templated":true}]}}