{"id":5678,"date":"2022-03-12T08:57:11","date_gmt":"2022-03-12T06:57:11","guid":{"rendered":"http:\/\/amacg.lyceegutenberg.net\/?p=5678"},"modified":"2022-03-12T08:57:11","modified_gmt":"2022-03-12T06:57:11","slug":"jema-2022","status":"publish","type":"post","link":"https:\/\/amacg.lyceegutenberg.net\/?p=5678","title":{"rendered":"JEMA 2022"},"content":{"rendered":"\n<figure class=\"wp-block-image size-large\"><a href=\"http:\/\/amacg.lyceegutenberg.net\/wp-content\/uploads\/JEMA_2022_1300x630-INMA_eIF82QB.png\"><img decoding=\"async\" loading=\"lazy\" width=\"1024\" height=\"496\" src=\"http:\/\/amacg.lyceegutenberg.net\/wp-content\/uploads\/JEMA_2022_1300x630-INMA_eIF82QB-1024x496.png\" alt=\"\" class=\"wp-image-5679\" srcset=\"https:\/\/amacg.lyceegutenberg.net\/wp-content\/uploads\/JEMA_2022_1300x630-INMA_eIF82QB-1024x496.png 1024w, https:\/\/amacg.lyceegutenberg.net\/wp-content\/uploads\/JEMA_2022_1300x630-INMA_eIF82QB-300x145.png 300w, https:\/\/amacg.lyceegutenberg.net\/wp-content\/uploads\/JEMA_2022_1300x630-INMA_eIF82QB-768x372.png 768w, https:\/\/amacg.lyceegutenberg.net\/wp-content\/uploads\/JEMA_2022_1300x630-INMA_eIF82QB-1536x745.png 1536w, https:\/\/amacg.lyceegutenberg.net\/wp-content\/uploads\/JEMA_2022_1300x630-INMA_eIF82QB-2048x993.png 2048w, https:\/\/amacg.lyceegutenberg.net\/wp-content\/uploads\/JEMA_2022_1300x630-INMA_eIF82QB-500x242.png 500w\" sizes=\"(max-width: 1024px) 100vw, 1024px\" \/><\/a><\/figure>\n\n\n\n<p>dans le cadre de cet \u00e9v\u00e9nement<br>allez rencontrer les artisans de notre r\u00e9gion voire plus loin<br>durant tout le week-end du <strong>28 mars au 3 avril<\/strong><br>pour observer leurs gestes et discuter de leurs parcours, <br>de leurs formations et de leurs m\u00e9tiers !<br><br>plus d&rsquo;informations par <strong><a href=\"https:\/\/www.journeesdesmetiersdart.fr\/\" target=\"_blank\" rel=\"noreferrer noopener\">ici<\/a><\/strong><\/p>\n","protected":false},"excerpt":{"rendered":"<p>dans le cadre de cet \u00e9v\u00e9nementallez rencontrer les artisans de notre r\u00e9gion voire plus loindurant tout le week-end du 28 mars au 3 avrilpour observer leurs gestes et discuter de leurs parcours, de leurs formations et de leurs m\u00e9tiers ! &hellip; <a href=\"https:\/\/amacg.lyceegutenberg.net\/?p=5678\">Continuer la lecture <span class=\"meta-nav\">&rarr;<\/span><\/a><\/p>\n","protected":false},"author":2,"featured_media":0,"comment_status":"closed","ping_status":"closed","sticky":false,"template":"","format":"standard","meta":{"footnotes":""},"categories":[10],"tags":[],"_links":{"self":[{"href":"https:\/\/amacg.lyceegutenberg.net\/index.php?rest_route=\/wp\/v2\/posts\/5678"}],"collection":[{"href":"https:\/\/amacg.lyceegutenberg.net\/index.php?rest_route=\/wp\/v2\/posts"}],"about":[{"href":"https:\/\/amacg.lyceegutenberg.net\/index.php?rest_route=\/wp\/v2\/types\/post"}],"author":[{"embeddable":true,"href":"https:\/\/amacg.lyceegutenberg.net\/index.php?rest_route=\/wp\/v2\/users\/2"}],"replies":[{"embeddable":true,"href":"https:\/\/amacg.lyceegutenberg.net\/index.php?rest_route=%2Fwp%2Fv2%2Fcomments&post=5678"}],"version-history":[{"count":1,"href":"https:\/\/amacg.lyceegutenberg.net\/index.php?rest_route=\/wp\/v2\/posts\/5678\/revisions"}],"predecessor-version":[{"id":5680,"href":"https:\/\/amacg.lyceegutenberg.net\/index.php?rest_route=\/wp\/v2\/posts\/5678\/revisions\/5680"}],"wp:attachment":[{"href":"https:\/\/amacg.lyceegutenberg.net\/index.php?rest_route=%2Fwp%2Fv2%2Fmedia&parent=5678"}],"wp:term":[{"taxonomy":"category","embeddable":true,"href":"https:\/\/amacg.lyceegutenberg.net\/index.php?rest_route=%2Fwp%2Fv2%2Fcategories&post=5678"},{"taxonomy":"post_tag","embeddable":true,"href":"https:\/\/amacg.lyceegutenberg.net\/index.php?rest_route=%2Fwp%2Fv2%2Ftags&post=5678"}],"curies":[{"name":"wp","href":"https:\/\/api.w.org\/{rel}","templated":true}]}}