{"id":5715,"date":"2022-05-04T09:58:02","date_gmt":"2022-05-04T07:58:02","guid":{"rendered":"http:\/\/amacg.lyceegutenberg.net\/?p=5715"},"modified":"2022-05-04T10:00:12","modified_gmt":"2022-05-04T08:00:12","slug":"icones-by-susan-kare","status":"publish","type":"post","link":"https:\/\/amacg.lyceegutenberg.net\/?p=5715","title":{"rendered":"ic\u00f4nes by Susan Kare"},"content":{"rendered":"\n<figure class=\"wp-block-image size-full is-resized\"><a href=\"http:\/\/amacg.lyceegutenberg.net\/wp-content\/uploads\/happymac_2.jpg\"><img decoding=\"async\" loading=\"lazy\" src=\"http:\/\/amacg.lyceegutenberg.net\/wp-content\/uploads\/happymac_2.jpg\" alt=\"\" class=\"wp-image-5716\" width=\"417\" height=\"570\"\/><\/a><\/figure>\n\n\n\n<p><strong>Susan Kare<\/strong> fait partie des graphistes dont tout le monde conna\u00eet le travail, <br>mais pas le nom ou le visage. \u00a0Depuis que l\u2019ordinateur est entr\u00e9 dans nos vies, <br>ses cr\u00e9ations font partie de notre quotidien : employ\u00e9e chez Apple en 1982 <br>pour \u00ab humaniser \u00bb le premier Macintosh, Susan Kare a cr\u00e9\u00e9 les ic\u00f4nes <br>que nous utilisons tous et toutes quotidiennement et est ainsi consid\u00e9r\u00e9e <br>comme une pionni\u00e8re du pixel art.<br><br>pour en [sa]voir plus faites un tour par ici : <br><strong><a rel=\"noreferrer noopener\" href=\"https:\/\/www.imprimerie.lyon.fr\/fr\/susan-kare\" target=\"_blank\">www.imprimerie.lyon.fr\/fr\/susan-kare<\/a><\/strong><\/p>\n","protected":false},"excerpt":{"rendered":"<p>Susan Kare fait partie des graphistes dont tout le monde conna\u00eet le travail, mais pas le nom ou le visage. \u00a0Depuis que l\u2019ordinateur est entr\u00e9 dans nos vies, ses cr\u00e9ations font partie de notre quotidien : employ\u00e9e chez Apple en &hellip; <a href=\"https:\/\/amacg.lyceegutenberg.net\/?p=5715\">Continuer la lecture <span class=\"meta-nav\">&rarr;<\/span><\/a><\/p>\n","protected":false},"author":2,"featured_media":0,"comment_status":"closed","ping_status":"closed","sticky":false,"template":"","format":"standard","meta":{"footnotes":""},"categories":[1],"tags":[],"_links":{"self":[{"href":"https:\/\/amacg.lyceegutenberg.net\/index.php?rest_route=\/wp\/v2\/posts\/5715"}],"collection":[{"href":"https:\/\/amacg.lyceegutenberg.net\/index.php?rest_route=\/wp\/v2\/posts"}],"about":[{"href":"https:\/\/amacg.lyceegutenberg.net\/index.php?rest_route=\/wp\/v2\/types\/post"}],"author":[{"embeddable":true,"href":"https:\/\/amacg.lyceegutenberg.net\/index.php?rest_route=\/wp\/v2\/users\/2"}],"replies":[{"embeddable":true,"href":"https:\/\/amacg.lyceegutenberg.net\/index.php?rest_route=%2Fwp%2Fv2%2Fcomments&post=5715"}],"version-history":[{"count":5,"href":"https:\/\/amacg.lyceegutenberg.net\/index.php?rest_route=\/wp\/v2\/posts\/5715\/revisions"}],"predecessor-version":[{"id":5721,"href":"https:\/\/amacg.lyceegutenberg.net\/index.php?rest_route=\/wp\/v2\/posts\/5715\/revisions\/5721"}],"wp:attachment":[{"href":"https:\/\/amacg.lyceegutenberg.net\/index.php?rest_route=%2Fwp%2Fv2%2Fmedia&parent=5715"}],"wp:term":[{"taxonomy":"category","embeddable":true,"href":"https:\/\/amacg.lyceegutenberg.net\/index.php?rest_route=%2Fwp%2Fv2%2Fcategories&post=5715"},{"taxonomy":"post_tag","embeddable":true,"href":"https:\/\/amacg.lyceegutenberg.net\/index.php?rest_route=%2Fwp%2Fv2%2Ftags&post=5715"}],"curies":[{"name":"wp","href":"https:\/\/api.w.org\/{rel}","templated":true}]}}