{"id":5735,"date":"2022-05-13T06:41:28","date_gmt":"2022-05-13T04:41:28","guid":{"rendered":"http:\/\/amacg.lyceegutenberg.net\/?p=5735"},"modified":"2022-05-13T06:57:11","modified_gmt":"2022-05-13T04:57:11","slug":"laubette","status":"publish","type":"post","link":"https:\/\/amacg.lyceegutenberg.net\/?p=5735","title":{"rendered":"L&rsquo;Aubette"},"content":{"rendered":"\n<figure class=\"wp-block-image size-full\"><a href=\"http:\/\/amacg.lyceegutenberg.net\/wp-content\/uploads\/Capture-de\u0301cran-2022-05-13-a\u0300-06.54.56.png\"><img decoding=\"async\" loading=\"lazy\" width=\"695\" height=\"362\" src=\"http:\/\/amacg.lyceegutenberg.net\/wp-content\/uploads\/Capture-de\u0301cran-2022-05-13-a\u0300-06.54.56.png\" alt=\"\" class=\"wp-image-5739\" srcset=\"https:\/\/amacg.lyceegutenberg.net\/wp-content\/uploads\/Capture-de\u0301cran-2022-05-13-a\u0300-06.54.56.png 695w, https:\/\/amacg.lyceegutenberg.net\/wp-content\/uploads\/Capture-de\u0301cran-2022-05-13-a\u0300-06.54.56-300x156.png 300w, https:\/\/amacg.lyceegutenberg.net\/wp-content\/uploads\/Capture-de\u0301cran-2022-05-13-a\u0300-06.54.56-500x260.png 500w\" sizes=\"(max-width: 695px) 100vw, 695px\" \/><\/a><\/figure>\n\n\n\n<p>suite \u00e0 la visite du <strong><a rel=\"noreferrer noopener\" href=\"https:\/\/www.musees.strasbourg.eu\/aubette-1928\" target=\"_blank\">Mus\u00e9e L&rsquo;Aubette de Strasbourg<\/a><\/strong><br><strong>soyez curieux d&rsquo;en [sa]voir plus !<\/strong><br><br>entre autres \u00e0 propos de la <strong>TYPO Aubette <\/strong><br>qui a \u00e9t\u00e9 sp\u00e9cialement dessin\u00e9e \u00e0 l&rsquo;\u00e9poque avant-gardiste<br>pour le Caf\u00e9-cin\u00e9ma Aubette par <strong>Theo van Doesburg<\/strong> (1928) <br>&amp; qui aujourd&rsquo;hui est distribu\u00e9e \/ vendue sur : <strong><a rel=\"noreferrer noopener\" href=\"https:\/\/www.myfonts.com\/search\/aubette\" target=\"_blank\">www.myfonts.com<\/a><\/strong><\/p>\n\n\n\n<p>mais aussi sur l&rsquo;<strong><a href=\"http:\/\/www.profartspla.info\/images\/lycee\/sta\/aubette_diaporama.pdf\" target=\"_blank\" rel=\"noreferrer noopener\">histoire du travail des 3 artistes<\/a><\/strong> <br>en ce lieu avant-gardiste entre 1926 et 1928  : <br><strong>Sophie Taeuber-Arp, Hans Arp et Theo van Doesburg<\/strong><\/p>\n","protected":false},"excerpt":{"rendered":"<p>suite \u00e0 la visite du Mus\u00e9e L&rsquo;Aubette de Strasbourgsoyez curieux d&rsquo;en [sa]voir plus ! entre autres \u00e0 propos de la TYPO Aubette qui a \u00e9t\u00e9 sp\u00e9cialement dessin\u00e9e \u00e0 l&rsquo;\u00e9poque avant-gardistepour le Caf\u00e9-cin\u00e9ma Aubette par Theo van Doesburg (1928) &amp; qui &hellip; <a href=\"https:\/\/amacg.lyceegutenberg.net\/?p=5735\">Continuer la lecture <span class=\"meta-nav\">&rarr;<\/span><\/a><\/p>\n","protected":false},"author":2,"featured_media":0,"comment_status":"closed","ping_status":"closed","sticky":false,"template":"","format":"standard","meta":{"footnotes":""},"categories":[10,5],"tags":[],"_links":{"self":[{"href":"https:\/\/amacg.lyceegutenberg.net\/index.php?rest_route=\/wp\/v2\/posts\/5735"}],"collection":[{"href":"https:\/\/amacg.lyceegutenberg.net\/index.php?rest_route=\/wp\/v2\/posts"}],"about":[{"href":"https:\/\/amacg.lyceegutenberg.net\/index.php?rest_route=\/wp\/v2\/types\/post"}],"author":[{"embeddable":true,"href":"https:\/\/amacg.lyceegutenberg.net\/index.php?rest_route=\/wp\/v2\/users\/2"}],"replies":[{"embeddable":true,"href":"https:\/\/amacg.lyceegutenberg.net\/index.php?rest_route=%2Fwp%2Fv2%2Fcomments&post=5735"}],"version-history":[{"count":7,"href":"https:\/\/amacg.lyceegutenberg.net\/index.php?rest_route=\/wp\/v2\/posts\/5735\/revisions"}],"predecessor-version":[{"id":5744,"href":"https:\/\/amacg.lyceegutenberg.net\/index.php?rest_route=\/wp\/v2\/posts\/5735\/revisions\/5744"}],"wp:attachment":[{"href":"https:\/\/amacg.lyceegutenberg.net\/index.php?rest_route=%2Fwp%2Fv2%2Fmedia&parent=5735"}],"wp:term":[{"taxonomy":"category","embeddable":true,"href":"https:\/\/amacg.lyceegutenberg.net\/index.php?rest_route=%2Fwp%2Fv2%2Fcategories&post=5735"},{"taxonomy":"post_tag","embeddable":true,"href":"https:\/\/amacg.lyceegutenberg.net\/index.php?rest_route=%2Fwp%2Fv2%2Ftags&post=5735"}],"curies":[{"name":"wp","href":"https:\/\/api.w.org\/{rel}","templated":true}]}}