{"id":5767,"date":"2022-08-28T07:28:38","date_gmt":"2022-08-28T05:28:38","guid":{"rendered":"http:\/\/amacg.lyceegutenberg.net\/?p=5767"},"modified":"2022-08-28T07:31:58","modified_gmt":"2022-08-28T05:31:58","slug":"le-numerique-a-loeuvre","status":"publish","type":"post","link":"https:\/\/amacg.lyceegutenberg.net\/?p=5767","title":{"rendered":"Le num\u00e9rique \u00e0 l\u2019\u0152uvre"},"content":{"rendered":"\n<figure class=\"wp-block-image size-large\"><a href=\"http:\/\/amacg.lyceegutenberg.net\/wp-content\/uploads\/301256995_5312311362182330_7955091204350221890_n.jpg\"><img decoding=\"async\" loading=\"lazy\" width=\"1024\" height=\"683\" src=\"http:\/\/amacg.lyceegutenberg.net\/wp-content\/uploads\/301256995_5312311362182330_7955091204350221890_n-1024x683.jpg\" alt=\"\" class=\"wp-image-5768\" srcset=\"https:\/\/amacg.lyceegutenberg.net\/wp-content\/uploads\/301256995_5312311362182330_7955091204350221890_n-1024x683.jpg 1024w, https:\/\/amacg.lyceegutenberg.net\/wp-content\/uploads\/301256995_5312311362182330_7955091204350221890_n-300x200.jpg 300w, https:\/\/amacg.lyceegutenberg.net\/wp-content\/uploads\/301256995_5312311362182330_7955091204350221890_n-768x512.jpg 768w, https:\/\/amacg.lyceegutenberg.net\/wp-content\/uploads\/301256995_5312311362182330_7955091204350221890_n-1536x1024.jpg 1536w, https:\/\/amacg.lyceegutenberg.net\/wp-content\/uploads\/301256995_5312311362182330_7955091204350221890_n-450x300.jpg 450w, https:\/\/amacg.lyceegutenberg.net\/wp-content\/uploads\/301256995_5312311362182330_7955091204350221890_n.jpg 2048w\" sizes=\"(max-width: 1024px) 100vw, 1024px\" \/><\/a><\/figure>\n\n\n\n<p>RDV au <strong><a href=\"http:\/\/www.musees.strasbourg.eu\/\" target=\"_blank\" rel=\"noreferrer noopener\">mus\u00e9e de l&rsquo;\u0152uvre Notre-Dame de Strasbourg<\/a><\/strong>.<br><br>Ce parcours au sein des collections explore les possibilit\u00e9s offertes par les technologies num\u00e9riques pour nous aider \u00e0 comprendre les \u0153uvres d\u2019art pr\u00e9sent\u00e9es dans les mus\u00e9es. <br>C\u2019est l\u2019occasion de redonner vie \u00e0 dix-huit \u0153uvres, remises en contexte gr\u00e2ce \u00e0 une vari\u00e9t\u00e9 de syst\u00e8mes m\u00ealant immersion virtuelle et r\u00e9alit\u00e9 augment\u00e9e.<\/p>\n","protected":false},"excerpt":{"rendered":"<p>RDV au mus\u00e9e de l&rsquo;\u0152uvre Notre-Dame de Strasbourg. Ce parcours au sein des collections explore les possibilit\u00e9s offertes par les technologies num\u00e9riques pour nous aider \u00e0 comprendre les \u0153uvres d\u2019art pr\u00e9sent\u00e9es dans les mus\u00e9es. C\u2019est l\u2019occasion de redonner vie \u00e0 &hellip; <a href=\"https:\/\/amacg.lyceegutenberg.net\/?p=5767\">Continuer la lecture <span class=\"meta-nav\">&rarr;<\/span><\/a><\/p>\n","protected":false},"author":2,"featured_media":0,"comment_status":"closed","ping_status":"closed","sticky":false,"template":"","format":"standard","meta":{"footnotes":""},"categories":[10],"tags":[],"_links":{"self":[{"href":"https:\/\/amacg.lyceegutenberg.net\/index.php?rest_route=\/wp\/v2\/posts\/5767"}],"collection":[{"href":"https:\/\/amacg.lyceegutenberg.net\/index.php?rest_route=\/wp\/v2\/posts"}],"about":[{"href":"https:\/\/amacg.lyceegutenberg.net\/index.php?rest_route=\/wp\/v2\/types\/post"}],"author":[{"embeddable":true,"href":"https:\/\/amacg.lyceegutenberg.net\/index.php?rest_route=\/wp\/v2\/users\/2"}],"replies":[{"embeddable":true,"href":"https:\/\/amacg.lyceegutenberg.net\/index.php?rest_route=%2Fwp%2Fv2%2Fcomments&post=5767"}],"version-history":[{"count":2,"href":"https:\/\/amacg.lyceegutenberg.net\/index.php?rest_route=\/wp\/v2\/posts\/5767\/revisions"}],"predecessor-version":[{"id":5770,"href":"https:\/\/amacg.lyceegutenberg.net\/index.php?rest_route=\/wp\/v2\/posts\/5767\/revisions\/5770"}],"wp:attachment":[{"href":"https:\/\/amacg.lyceegutenberg.net\/index.php?rest_route=%2Fwp%2Fv2%2Fmedia&parent=5767"}],"wp:term":[{"taxonomy":"category","embeddable":true,"href":"https:\/\/amacg.lyceegutenberg.net\/index.php?rest_route=%2Fwp%2Fv2%2Fcategories&post=5767"},{"taxonomy":"post_tag","embeddable":true,"href":"https:\/\/amacg.lyceegutenberg.net\/index.php?rest_route=%2Fwp%2Fv2%2Ftags&post=5767"}],"curies":[{"name":"wp","href":"https:\/\/api.w.org\/{rel}","templated":true}]}}