{"id":5785,"date":"2022-09-02T17:50:36","date_gmt":"2022-09-02T15:50:36","guid":{"rendered":"http:\/\/amacg.lyceegutenberg.net\/?p=5785"},"modified":"2022-09-02T17:50:36","modified_gmt":"2022-09-02T15:50:36","slug":"jep2022","status":"publish","type":"post","link":"https:\/\/amacg.lyceegutenberg.net\/?p=5785","title":{"rendered":"JEP2022"},"content":{"rendered":"\n<figure class=\"wp-block-image size-large\"><a href=\"http:\/\/amacg.lyceegutenberg.net\/wp-content\/uploads\/Capture-de\u0301cran-2022-09-02-a\u0300-17.47.37.png\"><img decoding=\"async\" loading=\"lazy\" width=\"1024\" height=\"726\" src=\"http:\/\/amacg.lyceegutenberg.net\/wp-content\/uploads\/Capture-de\u0301cran-2022-09-02-a\u0300-17.47.37-1024x726.png\" alt=\"\" class=\"wp-image-5786\" srcset=\"https:\/\/amacg.lyceegutenberg.net\/wp-content\/uploads\/Capture-de\u0301cran-2022-09-02-a\u0300-17.47.37-1024x726.png 1024w, https:\/\/amacg.lyceegutenberg.net\/wp-content\/uploads\/Capture-de\u0301cran-2022-09-02-a\u0300-17.47.37-300x213.png 300w, https:\/\/amacg.lyceegutenberg.net\/wp-content\/uploads\/Capture-de\u0301cran-2022-09-02-a\u0300-17.47.37-768x544.png 768w, https:\/\/amacg.lyceegutenberg.net\/wp-content\/uploads\/Capture-de\u0301cran-2022-09-02-a\u0300-17.47.37-423x300.png 423w, https:\/\/amacg.lyceegutenberg.net\/wp-content\/uploads\/Capture-de\u0301cran-2022-09-02-a\u0300-17.47.37.png 1126w\" sizes=\"(max-width: 1024px) 100vw, 1024px\" \/><\/a><\/figure>\n\n\n\n<p>cette 39e \u00e9dition c\u00e9l\u00e8brera le WE du 17+18 septembre le \u00ab\u00a0patrimoine durable\u00a0\u00bb <br>et met l\u2019accent sur la conciliation entre la pr\u00e9servation du patrimoine <br>et la construction d\u2019un environnement durable pour l\u2019avenir<\/p>\n\n\n\n<p>faites votre programme sur : <strong><a href=\"https:\/\/journeesdupatrimoine.culture.gouv.fr\/\" target=\"_blank\" rel=\"noreferrer noopener\">journeesdupatrimoine.culture.gouv.fr<\/a><\/strong><\/p>\n","protected":false},"excerpt":{"rendered":"<p>cette 39e \u00e9dition c\u00e9l\u00e8brera le WE du 17+18 septembre le \u00ab\u00a0patrimoine durable\u00a0\u00bb et met l\u2019accent sur la conciliation entre la pr\u00e9servation du patrimoine et la construction d\u2019un environnement durable pour l\u2019avenir faites votre programme sur : journeesdupatrimoine.culture.gouv.fr<\/p>\n","protected":false},"author":2,"featured_media":0,"comment_status":"closed","ping_status":"closed","sticky":false,"template":"","format":"standard","meta":{"footnotes":""},"categories":[10],"tags":[],"_links":{"self":[{"href":"https:\/\/amacg.lyceegutenberg.net\/index.php?rest_route=\/wp\/v2\/posts\/5785"}],"collection":[{"href":"https:\/\/amacg.lyceegutenberg.net\/index.php?rest_route=\/wp\/v2\/posts"}],"about":[{"href":"https:\/\/amacg.lyceegutenberg.net\/index.php?rest_route=\/wp\/v2\/types\/post"}],"author":[{"embeddable":true,"href":"https:\/\/amacg.lyceegutenberg.net\/index.php?rest_route=\/wp\/v2\/users\/2"}],"replies":[{"embeddable":true,"href":"https:\/\/amacg.lyceegutenberg.net\/index.php?rest_route=%2Fwp%2Fv2%2Fcomments&post=5785"}],"version-history":[{"count":1,"href":"https:\/\/amacg.lyceegutenberg.net\/index.php?rest_route=\/wp\/v2\/posts\/5785\/revisions"}],"predecessor-version":[{"id":5787,"href":"https:\/\/amacg.lyceegutenberg.net\/index.php?rest_route=\/wp\/v2\/posts\/5785\/revisions\/5787"}],"wp:attachment":[{"href":"https:\/\/amacg.lyceegutenberg.net\/index.php?rest_route=%2Fwp%2Fv2%2Fmedia&parent=5785"}],"wp:term":[{"taxonomy":"category","embeddable":true,"href":"https:\/\/amacg.lyceegutenberg.net\/index.php?rest_route=%2Fwp%2Fv2%2Fcategories&post=5785"},{"taxonomy":"post_tag","embeddable":true,"href":"https:\/\/amacg.lyceegutenberg.net\/index.php?rest_route=%2Fwp%2Fv2%2Ftags&post=5785"}],"curies":[{"name":"wp","href":"https:\/\/api.w.org\/{rel}","templated":true}]}}