{"id":5929,"date":"2023-09-09T06:41:00","date_gmt":"2023-09-09T04:41:00","guid":{"rendered":"http:\/\/amacg.lyceegutenberg.net\/?p=5929"},"modified":"2023-09-11T13:43:20","modified_gmt":"2023-09-11T11:43:20","slug":"jep2023-eeg","status":"publish","type":"post","link":"https:\/\/amacg.lyceegutenberg.net\/?p=5929","title":{"rendered":"JEP2023 \/ EEG"},"content":{"rendered":"\n<figure class=\"wp-block-image size-large is-resized\"><a href=\"http:\/\/amacg.lyceegutenberg.net\/wp-content\/uploads\/JEP-rentree-2023-photosite.jpg\"><img decoding=\"async\" loading=\"lazy\" src=\"http:\/\/amacg.lyceegutenberg.net\/wp-content\/uploads\/JEP-rentree-2023-photosite-1024x1024.jpg\" alt=\"\" class=\"wp-image-5930\" width=\"614\" height=\"618\"\/><\/a><\/figure>\n\n\n\n<p>\u00e0 vos agendas pour noter ce RDV :<strong> JEP2023<\/strong> <br>avec la participation de l&rsquo;<strong><a rel=\"noreferrer noopener\" href=\"https:\/\/espace-gutenberg.fr\/fr\/\" target=\"_blank\">Espace Europ\u00e9en Gutenberg<\/a><\/strong> <a rel=\"noreferrer noopener\" href=\"https:\/\/www.instagram.com\/espaceeuropeengutenberg\/\" target=\"_blank\">@espaceeuropeengutenberg<\/a><br><br><strong>samedi 16 septembre<\/strong><br>d\u00e9couverte de l\u2019Ile Gutenberg \u00e0 Strasbourg<br><strong>dimanche 17 septembre <\/strong><br>visites, d\u00e9monstrations et ateliers chez Intergraphic \u00e0 Schiltigheim<\/p>\n","protected":false},"excerpt":{"rendered":"<p>\u00e0 vos agendas pour noter ce RDV : JEP2023 avec la participation de l&rsquo;Espace Europ\u00e9en Gutenberg @espaceeuropeengutenberg samedi 16 septembred\u00e9couverte de l\u2019Ile Gutenberg \u00e0 Strasbourgdimanche 17 septembre visites, d\u00e9monstrations et ateliers chez Intergraphic \u00e0 Schiltigheim<\/p>\n","protected":false},"author":2,"featured_media":0,"comment_status":"closed","ping_status":"closed","sticky":false,"template":"","format":"standard","meta":{"footnotes":""},"categories":[10],"tags":[],"_links":{"self":[{"href":"https:\/\/amacg.lyceegutenberg.net\/index.php?rest_route=\/wp\/v2\/posts\/5929"}],"collection":[{"href":"https:\/\/amacg.lyceegutenberg.net\/index.php?rest_route=\/wp\/v2\/posts"}],"about":[{"href":"https:\/\/amacg.lyceegutenberg.net\/index.php?rest_route=\/wp\/v2\/types\/post"}],"author":[{"embeddable":true,"href":"https:\/\/amacg.lyceegutenberg.net\/index.php?rest_route=\/wp\/v2\/users\/2"}],"replies":[{"embeddable":true,"href":"https:\/\/amacg.lyceegutenberg.net\/index.php?rest_route=%2Fwp%2Fv2%2Fcomments&post=5929"}],"version-history":[{"count":6,"href":"https:\/\/amacg.lyceegutenberg.net\/index.php?rest_route=\/wp\/v2\/posts\/5929\/revisions"}],"predecessor-version":[{"id":5942,"href":"https:\/\/amacg.lyceegutenberg.net\/index.php?rest_route=\/wp\/v2\/posts\/5929\/revisions\/5942"}],"wp:attachment":[{"href":"https:\/\/amacg.lyceegutenberg.net\/index.php?rest_route=%2Fwp%2Fv2%2Fmedia&parent=5929"}],"wp:term":[{"taxonomy":"category","embeddable":true,"href":"https:\/\/amacg.lyceegutenberg.net\/index.php?rest_route=%2Fwp%2Fv2%2Fcategories&post=5929"},{"taxonomy":"post_tag","embeddable":true,"href":"https:\/\/amacg.lyceegutenberg.net\/index.php?rest_route=%2Fwp%2Fv2%2Ftags&post=5929"}],"curies":[{"name":"wp","href":"https:\/\/api.w.org\/{rel}","templated":true}]}}