{"id":5986,"date":"2023-09-22T14:36:33","date_gmt":"2023-09-22T12:36:33","guid":{"rendered":"http:\/\/amacg.lyceegutenberg.net\/?p=5986"},"modified":"2023-09-22T14:41:12","modified_gmt":"2023-09-22T12:41:12","slug":"formats2","status":"publish","type":"post","link":"https:\/\/amacg.lyceegutenberg.net\/?p=5986","title":{"rendered":"FORMAT(S)#2"},"content":{"rendered":"\n<figure class=\"wp-block-image size-large\"><a href=\"http:\/\/amacg.lyceegutenberg.net\/wp-content\/uploads\/Capture-de\u0301cran-2023-09-22-a\u0300-14.32.16-1.png\"><img decoding=\"async\" loading=\"lazy\" width=\"1024\" height=\"576\" src=\"http:\/\/amacg.lyceegutenberg.net\/wp-content\/uploads\/Capture-de\u0301cran-2023-09-22-a\u0300-14.32.16-1-1024x576.png\" alt=\"\" class=\"wp-image-5990\" srcset=\"https:\/\/amacg.lyceegutenberg.net\/wp-content\/uploads\/Capture-de\u0301cran-2023-09-22-a\u0300-14.32.16-1-1024x576.png 1024w, https:\/\/amacg.lyceegutenberg.net\/wp-content\/uploads\/Capture-de\u0301cran-2023-09-22-a\u0300-14.32.16-1-300x169.png 300w, https:\/\/amacg.lyceegutenberg.net\/wp-content\/uploads\/Capture-de\u0301cran-2023-09-22-a\u0300-14.32.16-1-768x432.png 768w, https:\/\/amacg.lyceegutenberg.net\/wp-content\/uploads\/Capture-de\u0301cran-2023-09-22-a\u0300-14.32.16-1-1536x865.png 1536w, https:\/\/amacg.lyceegutenberg.net\/wp-content\/uploads\/Capture-de\u0301cran-2023-09-22-a\u0300-14.32.16-1-2048x1153.png 2048w, https:\/\/amacg.lyceegutenberg.net\/wp-content\/uploads\/Capture-de\u0301cran-2023-09-22-a\u0300-14.32.16-1-500x281.png 500w\" sizes=\"(max-width: 1024px) 100vw, 1024px\" \/><\/a><\/figure>\n\n\n\n<p>comme les beaux livrets imprim\u00e9s sont difficiles \u00e0 se procurer<br>trouvez toutes les informations sur ce site : <br><strong><a rel=\"noreferrer noopener\" href=\"https:\/\/formats-festival.org\/\" target=\"_blank\">Festival du design graphique \u00e0 Strasbourg<\/a><\/strong><\/p>\n","protected":false},"excerpt":{"rendered":"<p>comme les beaux livrets imprim\u00e9s sont difficiles \u00e0 se procurertrouvez toutes les informations sur ce site : Festival du design graphique \u00e0 Strasbourg<\/p>\n","protected":false},"author":2,"featured_media":0,"comment_status":"closed","ping_status":"closed","sticky":false,"template":"","format":"standard","meta":{"footnotes":""},"categories":[1],"tags":[],"_links":{"self":[{"href":"https:\/\/amacg.lyceegutenberg.net\/index.php?rest_route=\/wp\/v2\/posts\/5986"}],"collection":[{"href":"https:\/\/amacg.lyceegutenberg.net\/index.php?rest_route=\/wp\/v2\/posts"}],"about":[{"href":"https:\/\/amacg.lyceegutenberg.net\/index.php?rest_route=\/wp\/v2\/types\/post"}],"author":[{"embeddable":true,"href":"https:\/\/amacg.lyceegutenberg.net\/index.php?rest_route=\/wp\/v2\/users\/2"}],"replies":[{"embeddable":true,"href":"https:\/\/amacg.lyceegutenberg.net\/index.php?rest_route=%2Fwp%2Fv2%2Fcomments&post=5986"}],"version-history":[{"count":5,"href":"https:\/\/amacg.lyceegutenberg.net\/index.php?rest_route=\/wp\/v2\/posts\/5986\/revisions"}],"predecessor-version":[{"id":5993,"href":"https:\/\/amacg.lyceegutenberg.net\/index.php?rest_route=\/wp\/v2\/posts\/5986\/revisions\/5993"}],"wp:attachment":[{"href":"https:\/\/amacg.lyceegutenberg.net\/index.php?rest_route=%2Fwp%2Fv2%2Fmedia&parent=5986"}],"wp:term":[{"taxonomy":"category","embeddable":true,"href":"https:\/\/amacg.lyceegutenberg.net\/index.php?rest_route=%2Fwp%2Fv2%2Fcategories&post=5986"},{"taxonomy":"post_tag","embeddable":true,"href":"https:\/\/amacg.lyceegutenberg.net\/index.php?rest_route=%2Fwp%2Fv2%2Ftags&post=5986"}],"curies":[{"name":"wp","href":"https:\/\/api.w.org\/{rel}","templated":true}]}}