{"id":6024,"date":"2023-11-06T15:13:41","date_gmt":"2023-11-06T13:13:41","guid":{"rendered":"http:\/\/amacg.lyceegutenberg.net\/?p=6024"},"modified":"2023-11-06T15:33:30","modified_gmt":"2023-11-06T13:33:30","slug":"resonances","status":"publish","type":"post","link":"https:\/\/amacg.lyceegutenberg.net\/?p=6024","title":{"rendered":"r\u00e9sonance[s]"},"content":{"rendered":"\n<figure class=\"wp-block-image size-large is-resized\"><a href=\"http:\/\/amacg.lyceegutenberg.net\/wp-content\/uploads\/unnamed.jpg\"><img decoding=\"async\" loading=\"lazy\" width=\"724\" height=\"1024\" src=\"http:\/\/amacg.lyceegutenberg.net\/wp-content\/uploads\/unnamed-724x1024.jpg\" alt=\"\" class=\"wp-image-6025\" style=\"aspect-ratio:0.70703125;width:348px;height:auto\" srcset=\"https:\/\/amacg.lyceegutenberg.net\/wp-content\/uploads\/unnamed-724x1024.jpg 724w, https:\/\/amacg.lyceegutenberg.net\/wp-content\/uploads\/unnamed-212x300.jpg 212w, https:\/\/amacg.lyceegutenberg.net\/wp-content\/uploads\/unnamed-768x1086.jpg 768w, https:\/\/amacg.lyceegutenberg.net\/wp-content\/uploads\/unnamed.jpg 842w\" sizes=\"(max-width: 724px) 100vw, 724px\" \/><\/a><\/figure>\n\n\n\n<h1 class=\"wp-block-heading\"><strong>Le salon europ\u00e9en des m\u00e9tiers d\u2019art organis\u00e9 par la <a href=\"https:\/\/www.fremaa.com\/\">FR\u00c9MAA <\/a>\u00e0 Strasbourg<\/strong><\/h1>\n\n\n\n<p><strong>R\u00e9sonance[s]<\/strong> d\u00e9voile la quintessence des m\u00e9tiers d\u2019art et de la cr\u00e9ation contemporaine avec une s\u00e9lection exceptionnelle de 180 cr\u00e9ateurs europ\u00e9ens.<br><br><strong>R\u00e9sonance[s]<\/strong> sera plus que jamais le lieu id\u00e9al pour d\u00e9couvrir et acqu\u00e9rir des \u0153uvres de caract\u00e8re, originales, cr\u00e9atives et raffin\u00e9es en mobilier, d\u00e9coration, sculpture, mode, luminaires, arts graphiques ou arts de la table.<br>&nbsp;<br><strong>RDV les 10, 11, 12 &amp; 13 novembre !<\/strong><\/p>\n","protected":false},"excerpt":{"rendered":"<p>Le salon europ\u00e9en des m\u00e9tiers d\u2019art organis\u00e9 par la FR\u00c9MAA \u00e0 Strasbourg R\u00e9sonance[s] d\u00e9voile la quintessence des m\u00e9tiers d\u2019art et de la cr\u00e9ation contemporaine avec une s\u00e9lection exceptionnelle de 180 cr\u00e9ateurs europ\u00e9ens. R\u00e9sonance[s] sera plus que jamais le lieu id\u00e9al &hellip; <a href=\"https:\/\/amacg.lyceegutenberg.net\/?p=6024\">Continuer la lecture <span class=\"meta-nav\">&rarr;<\/span><\/a><\/p>\n","protected":false},"author":2,"featured_media":0,"comment_status":"closed","ping_status":"closed","sticky":false,"template":"","format":"standard","meta":{"footnotes":""},"categories":[10],"tags":[],"_links":{"self":[{"href":"https:\/\/amacg.lyceegutenberg.net\/index.php?rest_route=\/wp\/v2\/posts\/6024"}],"collection":[{"href":"https:\/\/amacg.lyceegutenberg.net\/index.php?rest_route=\/wp\/v2\/posts"}],"about":[{"href":"https:\/\/amacg.lyceegutenberg.net\/index.php?rest_route=\/wp\/v2\/types\/post"}],"author":[{"embeddable":true,"href":"https:\/\/amacg.lyceegutenberg.net\/index.php?rest_route=\/wp\/v2\/users\/2"}],"replies":[{"embeddable":true,"href":"https:\/\/amacg.lyceegutenberg.net\/index.php?rest_route=%2Fwp%2Fv2%2Fcomments&post=6024"}],"version-history":[{"count":2,"href":"https:\/\/amacg.lyceegutenberg.net\/index.php?rest_route=\/wp\/v2\/posts\/6024\/revisions"}],"predecessor-version":[{"id":6027,"href":"https:\/\/amacg.lyceegutenberg.net\/index.php?rest_route=\/wp\/v2\/posts\/6024\/revisions\/6027"}],"wp:attachment":[{"href":"https:\/\/amacg.lyceegutenberg.net\/index.php?rest_route=%2Fwp%2Fv2%2Fmedia&parent=6024"}],"wp:term":[{"taxonomy":"category","embeddable":true,"href":"https:\/\/amacg.lyceegutenberg.net\/index.php?rest_route=%2Fwp%2Fv2%2Fcategories&post=6024"},{"taxonomy":"post_tag","embeddable":true,"href":"https:\/\/amacg.lyceegutenberg.net\/index.php?rest_route=%2Fwp%2Fv2%2Ftags&post=6024"}],"curies":[{"name":"wp","href":"https:\/\/api.w.org\/{rel}","templated":true}]}}