{"id":6077,"date":"2024-03-27T17:59:49","date_gmt":"2024-03-27T15:59:49","guid":{"rendered":"http:\/\/amacg.lyceegutenberg.net\/?p=6077"},"modified":"2024-03-27T17:59:49","modified_gmt":"2024-03-27T15:59:49","slug":"jema-2024","status":"publish","type":"post","link":"https:\/\/amacg.lyceegutenberg.net\/?p=6077","title":{"rendered":"JEMA 2024"},"content":{"rendered":"\n<figure class=\"wp-block-image size-full\"><a href=\"http:\/\/amacg.lyceegutenberg.net\/wp-content\/uploads\/IMG_3857.jpg\"><img decoding=\"async\" loading=\"lazy\" width=\"886\" height=\"886\" src=\"http:\/\/amacg.lyceegutenberg.net\/wp-content\/uploads\/IMG_3857.jpg\" alt=\"\" class=\"wp-image-6078\" srcset=\"https:\/\/amacg.lyceegutenberg.net\/wp-content\/uploads\/IMG_3857.jpg 886w, https:\/\/amacg.lyceegutenberg.net\/wp-content\/uploads\/IMG_3857-300x300.jpg 300w, https:\/\/amacg.lyceegutenberg.net\/wp-content\/uploads\/IMG_3857-150x150.jpg 150w, https:\/\/amacg.lyceegutenberg.net\/wp-content\/uploads\/IMG_3857-768x768.jpg 768w\" sizes=\"(max-width: 886px) 100vw, 886px\" \/><\/a><\/figure>\n\n\n\n<p>partout en France et en Europe, les Journ\u00e9es Europ\u00e9ennes des M\u00e9tiers d\u2019Art sont un \u00e9v\u00e9nement unique au monde et gratuit en faveur d\u2019une meilleure reconnaissance du secteur des m\u00e9tiers d\u2019art<br><br>pour tout savoir sur cet \u00e9v\u00e9nement : <strong><a href=\"https:\/\/www.journeesdesmetiersdart.fr\/\">www.journeesdesmetiersdart.fr<\/a><\/strong><\/p>\n","protected":false},"excerpt":{"rendered":"<p>partout en France et en Europe, les Journ\u00e9es Europ\u00e9ennes des M\u00e9tiers d\u2019Art sont un \u00e9v\u00e9nement unique au monde et gratuit en faveur d\u2019une meilleure reconnaissance du secteur des m\u00e9tiers d\u2019art pour tout savoir sur cet \u00e9v\u00e9nement : www.journeesdesmetiersdart.fr<\/p>\n","protected":false},"author":2,"featured_media":0,"comment_status":"closed","ping_status":"closed","sticky":false,"template":"","format":"standard","meta":{"footnotes":""},"categories":[10],"tags":[],"_links":{"self":[{"href":"https:\/\/amacg.lyceegutenberg.net\/index.php?rest_route=\/wp\/v2\/posts\/6077"}],"collection":[{"href":"https:\/\/amacg.lyceegutenberg.net\/index.php?rest_route=\/wp\/v2\/posts"}],"about":[{"href":"https:\/\/amacg.lyceegutenberg.net\/index.php?rest_route=\/wp\/v2\/types\/post"}],"author":[{"embeddable":true,"href":"https:\/\/amacg.lyceegutenberg.net\/index.php?rest_route=\/wp\/v2\/users\/2"}],"replies":[{"embeddable":true,"href":"https:\/\/amacg.lyceegutenberg.net\/index.php?rest_route=%2Fwp%2Fv2%2Fcomments&post=6077"}],"version-history":[{"count":1,"href":"https:\/\/amacg.lyceegutenberg.net\/index.php?rest_route=\/wp\/v2\/posts\/6077\/revisions"}],"predecessor-version":[{"id":6079,"href":"https:\/\/amacg.lyceegutenberg.net\/index.php?rest_route=\/wp\/v2\/posts\/6077\/revisions\/6079"}],"wp:attachment":[{"href":"https:\/\/amacg.lyceegutenberg.net\/index.php?rest_route=%2Fwp%2Fv2%2Fmedia&parent=6077"}],"wp:term":[{"taxonomy":"category","embeddable":true,"href":"https:\/\/amacg.lyceegutenberg.net\/index.php?rest_route=%2Fwp%2Fv2%2Fcategories&post=6077"},{"taxonomy":"post_tag","embeddable":true,"href":"https:\/\/amacg.lyceegutenberg.net\/index.php?rest_route=%2Fwp%2Fv2%2Ftags&post=6077"}],"curies":[{"name":"wp","href":"https:\/\/api.w.org\/{rel}","templated":true}]}}