{"id":6102,"date":"2024-04-28T13:48:00","date_gmt":"2024-04-28T11:48:00","guid":{"rendered":"http:\/\/amacg.lyceegutenberg.net\/?p=6102"},"modified":"2024-04-29T08:40:15","modified_gmt":"2024-04-29T06:40:15","slug":"entre-les-pages","status":"publish","type":"post","link":"https:\/\/amacg.lyceegutenberg.net\/?p=6102","title":{"rendered":"entre les pages"},"content":{"rendered":"\n<figure class=\"wp-block-image size-large is-resized\"><a href=\"http:\/\/amacg.lyceegutenberg.net\/wp-content\/uploads\/Capture-decran-2024-04-28-a-11.49.38.png\"><img decoding=\"async\" loading=\"lazy\" width=\"768\" height=\"1024\" src=\"http:\/\/amacg.lyceegutenberg.net\/wp-content\/uploads\/Capture-decran-2024-04-28-a-11.49.38-768x1024.png\" alt=\"\" class=\"wp-image-6103\" style=\"aspect-ratio:0.7503649635036497;width:496px;height:auto\" srcset=\"https:\/\/amacg.lyceegutenberg.net\/wp-content\/uploads\/Capture-decran-2024-04-28-a-11.49.38-768x1024.png 768w, https:\/\/amacg.lyceegutenberg.net\/wp-content\/uploads\/Capture-decran-2024-04-28-a-11.49.38-225x300.png 225w, https:\/\/amacg.lyceegutenberg.net\/wp-content\/uploads\/Capture-decran-2024-04-28-a-11.49.38.png 1028w\" sizes=\"(max-width: 768px) 100vw, 768px\" \/><\/a><\/figure>\n\n\n\n<p>La designer graphique <strong><a href=\"https:\/\/www.instagram.com\/fanettemellier\">Fanette Mellier<\/a><\/strong> a men\u00e9 l\u2019exploration d\u2019un support familier et quotidien, le marque-page. Elle a imagin\u00e9 13 signets pour les 13 m\u00e9diath\u00e8ques du r\u00e9seau municipal et eurom\u00e9tropolitain, chacun se distinguant par un format, une impression, un fa\u00e7onnage sp\u00e9cifique. Elle s\u2019est associ\u00e9e \u00e0 l\u2019illustratrice et autrice <strong><a href=\"https:\/\/www.instagram.com\/betty.bone.books\/\">Betty Bone<\/a><\/strong> qui a r\u00e9dig\u00e9 les petits textes destin\u00e9s \u00e0 les accompagner.<br>L\u2019exposition pr\u00e9sent\u00e9e \u00e0 la <strong>M\u00e9diath\u00e8que Andr\u00e9 Malraux de Strasbourg<\/strong> <strong>du mercredi 24 avril au samedi 13 juillet<\/strong> <strong>2024<\/strong> est con\u00e7ue comme une restitution de ce projet original et, un dialogue avec les collections patrimoniales strasbourgeoises. Les marque-pages sont en effet ins\u00e9r\u00e9s entre les pages d\u2019une s\u00e9lection de livres anciens avec lesquels se tissent d\u2019\u00e9tranges liens.<\/p>\n\n\n\n<p>Dans chacune des m\u00e9diath\u00e8ques du r\u00e9seau municipal et eurom\u00e9tropolitain, les visiteurs et visiteuses sont invit\u00e9s \u00e0 d\u00e9couvrir le projet \u00e0 travers une installation artistique et, pourront aussi chercher et collecter les pr\u00e9cieux marque-pages gliss\u00e9s parmi les collections.<\/p>\n","protected":false},"excerpt":{"rendered":"<p>La designer graphique Fanette Mellier a men\u00e9 l\u2019exploration d\u2019un support familier et quotidien, le marque-page. Elle a imagin\u00e9 13 signets pour les 13 m\u00e9diath\u00e8ques du r\u00e9seau municipal et eurom\u00e9tropolitain, chacun se distinguant par un format, une impression, un fa\u00e7onnage sp\u00e9cifique. &hellip; <a href=\"https:\/\/amacg.lyceegutenberg.net\/?p=6102\">Continuer la lecture <span class=\"meta-nav\">&rarr;<\/span><\/a><\/p>\n","protected":false},"author":2,"featured_media":0,"comment_status":"closed","ping_status":"closed","sticky":false,"template":"","format":"standard","meta":{"footnotes":""},"categories":[10,12],"tags":[],"_links":{"self":[{"href":"https:\/\/amacg.lyceegutenberg.net\/index.php?rest_route=\/wp\/v2\/posts\/6102"}],"collection":[{"href":"https:\/\/amacg.lyceegutenberg.net\/index.php?rest_route=\/wp\/v2\/posts"}],"about":[{"href":"https:\/\/amacg.lyceegutenberg.net\/index.php?rest_route=\/wp\/v2\/types\/post"}],"author":[{"embeddable":true,"href":"https:\/\/amacg.lyceegutenberg.net\/index.php?rest_route=\/wp\/v2\/users\/2"}],"replies":[{"embeddable":true,"href":"https:\/\/amacg.lyceegutenberg.net\/index.php?rest_route=%2Fwp%2Fv2%2Fcomments&post=6102"}],"version-history":[{"count":6,"href":"https:\/\/amacg.lyceegutenberg.net\/index.php?rest_route=\/wp\/v2\/posts\/6102\/revisions"}],"predecessor-version":[{"id":6134,"href":"https:\/\/amacg.lyceegutenberg.net\/index.php?rest_route=\/wp\/v2\/posts\/6102\/revisions\/6134"}],"wp:attachment":[{"href":"https:\/\/amacg.lyceegutenberg.net\/index.php?rest_route=%2Fwp%2Fv2%2Fmedia&parent=6102"}],"wp:term":[{"taxonomy":"category","embeddable":true,"href":"https:\/\/amacg.lyceegutenberg.net\/index.php?rest_route=%2Fwp%2Fv2%2Fcategories&post=6102"},{"taxonomy":"post_tag","embeddable":true,"href":"https:\/\/amacg.lyceegutenberg.net\/index.php?rest_route=%2Fwp%2Fv2%2Ftags&post=6102"}],"curies":[{"name":"wp","href":"https:\/\/api.w.org\/{rel}","templated":true}]}}