{"id":6183,"date":"2024-05-31T07:02:46","date_gmt":"2024-05-31T05:02:46","guid":{"rendered":"http:\/\/amacg.lyceegutenberg.net\/?p=6183"},"modified":"2024-05-31T07:02:46","modified_gmt":"2024-05-31T05:02:46","slug":"rallye-du-livre","status":"publish","type":"post","link":"https:\/\/amacg.lyceegutenberg.net\/?p=6183","title":{"rendered":"Rallye du Livre"},"content":{"rendered":"\n<figure class=\"wp-block-image size-large\"><a href=\"http:\/\/amacg.lyceegutenberg.net\/wp-content\/uploads\/438161062_847455340747190_1577268855563887657_n.jpg\"><img decoding=\"async\" loading=\"lazy\" width=\"1024\" height=\"536\" src=\"http:\/\/amacg.lyceegutenberg.net\/wp-content\/uploads\/438161062_847455340747190_1577268855563887657_n-1024x536.jpg\" alt=\"\" class=\"wp-image-6184\" srcset=\"https:\/\/amacg.lyceegutenberg.net\/wp-content\/uploads\/438161062_847455340747190_1577268855563887657_n-1024x536.jpg 1024w, https:\/\/amacg.lyceegutenberg.net\/wp-content\/uploads\/438161062_847455340747190_1577268855563887657_n-300x157.jpg 300w, https:\/\/amacg.lyceegutenberg.net\/wp-content\/uploads\/438161062_847455340747190_1577268855563887657_n-768x402.jpg 768w, https:\/\/amacg.lyceegutenberg.net\/wp-content\/uploads\/438161062_847455340747190_1577268855563887657_n-1536x804.jpg 1536w, https:\/\/amacg.lyceegutenberg.net\/wp-content\/uploads\/438161062_847455340747190_1577268855563887657_n-500x262.jpg 500w, https:\/\/amacg.lyceegutenberg.net\/wp-content\/uploads\/438161062_847455340747190_1577268855563887657_n.jpg 2048w\" sizes=\"(max-width: 1024px) 100vw, 1024px\" \/><\/a><\/figure>\n\n\n\n<p><strong>du 3 au 22 juin<\/strong> vous trouverez des \u0153uvres in\u00e9dites en vitrine des librairies, <br>cr\u00e9\u00e9es sp\u00e9cialement pour le <strong>Rallye du Livre<\/strong> par des artistes locaux pour c\u00e9l\u00e9brer les partenariats entre les libraires et \u00e9diteurs de l\u2019Eurom\u00e9tropole strasbourgeoise<\/p>\n\n\n\n<p>en visitant au moins 6 librairies et en collectant 6 tampons sur votre passeport, <br>vous pourrez le d\u00e9poser dans l\u2019urne d&rsquo;un libraire participant et tenter de gagner l\u2019un des lots des \u00e9diteurs mis en jeu !<\/p>\n","protected":false},"excerpt":{"rendered":"<p>du 3 au 22 juin vous trouverez des \u0153uvres in\u00e9dites en vitrine des librairies, cr\u00e9\u00e9es sp\u00e9cialement pour le Rallye du Livre par des artistes locaux pour c\u00e9l\u00e9brer les partenariats entre les libraires et \u00e9diteurs de l\u2019Eurom\u00e9tropole strasbourgeoise en visitant au &hellip; <a href=\"https:\/\/amacg.lyceegutenberg.net\/?p=6183\">Continuer la lecture <span class=\"meta-nav\">&rarr;<\/span><\/a><\/p>\n","protected":false},"author":2,"featured_media":0,"comment_status":"closed","ping_status":"closed","sticky":false,"template":"","format":"standard","meta":{"footnotes":""},"categories":[10],"tags":[],"_links":{"self":[{"href":"https:\/\/amacg.lyceegutenberg.net\/index.php?rest_route=\/wp\/v2\/posts\/6183"}],"collection":[{"href":"https:\/\/amacg.lyceegutenberg.net\/index.php?rest_route=\/wp\/v2\/posts"}],"about":[{"href":"https:\/\/amacg.lyceegutenberg.net\/index.php?rest_route=\/wp\/v2\/types\/post"}],"author":[{"embeddable":true,"href":"https:\/\/amacg.lyceegutenberg.net\/index.php?rest_route=\/wp\/v2\/users\/2"}],"replies":[{"embeddable":true,"href":"https:\/\/amacg.lyceegutenberg.net\/index.php?rest_route=%2Fwp%2Fv2%2Fcomments&post=6183"}],"version-history":[{"count":1,"href":"https:\/\/amacg.lyceegutenberg.net\/index.php?rest_route=\/wp\/v2\/posts\/6183\/revisions"}],"predecessor-version":[{"id":6185,"href":"https:\/\/amacg.lyceegutenberg.net\/index.php?rest_route=\/wp\/v2\/posts\/6183\/revisions\/6185"}],"wp:attachment":[{"href":"https:\/\/amacg.lyceegutenberg.net\/index.php?rest_route=%2Fwp%2Fv2%2Fmedia&parent=6183"}],"wp:term":[{"taxonomy":"category","embeddable":true,"href":"https:\/\/amacg.lyceegutenberg.net\/index.php?rest_route=%2Fwp%2Fv2%2Fcategories&post=6183"},{"taxonomy":"post_tag","embeddable":true,"href":"https:\/\/amacg.lyceegutenberg.net\/index.php?rest_route=%2Fwp%2Fv2%2Ftags&post=6183"}],"curies":[{"name":"wp","href":"https:\/\/api.w.org\/{rel}","templated":true}]}}