{"id":6324,"date":"2024-09-20T07:21:23","date_gmt":"2024-09-20T05:21:23","guid":{"rendered":"https:\/\/amacg.lyceegutenberg.net\/?p=6324"},"modified":"2024-09-20T07:25:23","modified_gmt":"2024-09-20T05:25:23","slug":"jep2024-par-leeg-a-strasbourg","status":"publish","type":"post","link":"https:\/\/amacg.lyceegutenberg.net\/?p=6324","title":{"rendered":"JEP2024 par l&rsquo;EEG \u00e0 Strasbourg"},"content":{"rendered":"\n<figure class=\"wp-block-image size-large\"><a href=\"https:\/\/amacg.lyceegutenberg.net\/wp-content\/uploads\/Capture-de\u0301cran-2024-09-20-a\u0300-07.15.02.png\"><img decoding=\"async\" loading=\"lazy\" width=\"1024\" height=\"1020\" src=\"https:\/\/amacg.lyceegutenberg.net\/wp-content\/uploads\/Capture-de\u0301cran-2024-09-20-a\u0300-07.15.02-1024x1020.png\" alt=\"\" class=\"wp-image-6325\" srcset=\"https:\/\/amacg.lyceegutenberg.net\/wp-content\/uploads\/Capture-de\u0301cran-2024-09-20-a\u0300-07.15.02-1024x1020.png 1024w, https:\/\/amacg.lyceegutenberg.net\/wp-content\/uploads\/Capture-de\u0301cran-2024-09-20-a\u0300-07.15.02-300x300.png 300w, https:\/\/amacg.lyceegutenberg.net\/wp-content\/uploads\/Capture-de\u0301cran-2024-09-20-a\u0300-07.15.02-150x150.png 150w, https:\/\/amacg.lyceegutenberg.net\/wp-content\/uploads\/Capture-de\u0301cran-2024-09-20-a\u0300-07.15.02-768x765.png 768w, https:\/\/amacg.lyceegutenberg.net\/wp-content\/uploads\/Capture-de\u0301cran-2024-09-20-a\u0300-07.15.02-301x300.png 301w, https:\/\/amacg.lyceegutenberg.net\/wp-content\/uploads\/Capture-de\u0301cran-2024-09-20-a\u0300-07.15.02.png 1092w\" sizes=\"(max-width: 1024px) 100vw, 1024px\" \/><\/a><\/figure>\n\n\n\n<p><strong>SAMEDI 21 SEPTEMBRE &#8211; 10h<\/strong><br>L\u2019<strong><a href=\"https:\/\/espace-gutenberg.fr\/fr\/\" data-type=\"link\" data-id=\"https:\/\/espace-gutenberg.fr\/fr\/\">Espace Europ\u00e9en Gutenberg<\/a><\/strong> vous propose de suivre les traces de Gutenberg, <br>pour une balade \u00e0 v\u00e9lo \u00e0 la d\u00e9couverte de l&rsquo;\u00eele Col\u00e9o-Gutenberg.<br>Sur inscription : <strong><a href=\"https:\/\/www.eventbrite.fr\/\">https:\/\/www.eventbrite.fr\/<\/a><\/strong><br>___<br>D\u00e9part : place Gutenberg<br>Dates et horaires : samedi 21 septembre de 14h \u00e0 18h<br>&#8230;<br><strong>SAMEDI 21 SEPTEMBRE &#8211; 14h-18h<\/strong><br>L\u2019Espace Europ\u00e9en Gutenberg vous convie \u00e0 la BNU afin de d\u00e9couvrir l&rsquo;association tout en participant aux ateliers de TYPOgraphie.<br>___<br>Lieu : Biblioth\u00e8que nationale et universitaire de Strasbourg<br>Acc\u00e8s : 6 place de la R\u00e9publique 67000 Strasbourg <br>Tram B, C, E, F | Bus L6, 15, 72 \u2013 arr\u00eat R\u00e9publique<br>Dates et horaires : samedi 21 septembre de 14h \u00e0 18h<br>&#8230;<br><strong>DIMANCHE 22 SEPTEMBRE &#8211; 14h-18h<\/strong><br>D\u00e9monstrations de presses d\u2019imprimerie propos\u00e9es par Intergraphic et l\u2019Espace Europ\u00e9en Gutenberg. Intergraphic et l\u2019Espace Europ\u00e9en Gutenberg s\u2019associent pour vous proposer de d\u00e9couvrir la collection \u00ab Intergraphic \u00bb constitu\u00e9e de machines d\u2019imprimerie anciennes et r\u00e9centes. V\u00e9ritable m\u00e9moire vivante des m\u00e9tiers de l\u2019imprimerie, la collection pr\u00e9sente notamment des presses typographiques, de lithographie et autres presses \u00e0 bras, une linotype, et des presses offset r\u00e9centes.<br>Visites toutes les heures sur inscription : <strong><a href=\"https:\/\/www.eventbrite.fr\/\">https:\/\/www.eventbrite.fr\/<\/a><\/strong><br>___<br>Lieu : Intergraphic <br>Z.A. de la Vogelau \u2013 9 rue du Ch\u00e2teau d\u2019Angleterre 67300 Schiltigheim<br>Acc\u00e8s : Tram B arr\u00eat Le Ried puis 10 minutes \u00e0 pied<br>Dates et horaires : dimanche 22 septembre de 14h \u00e0 18h<\/p>\n\n\n\n<p><a href=\"https:\/\/www.instagram.com\/jepofficiel\/\"><strong>@jepofficie<\/strong>l<\/a><\/p>\n\n\n\n<p><a href=\"https:\/\/www.instagram.com\/explore\/tags\/jepofficiel\/\">#jepofficiel<\/a><a href=\"https:\/\/www.instagram.com\/explore\/tags\/impression\/\">#impression<\/a><a href=\"https:\/\/www.instagram.com\/explore\/tags\/atelier\/\">#atelier<\/a><a href=\"https:\/\/www.instagram.com\/explore\/tags\/gutenberg\/\">#gutenberg<\/a><a href=\"https:\/\/www.instagram.com\/explore\/tags\/espaceeurop%C3%A9engutenberg\/\">#espaceeurop\u00e9engutenberg<\/a><a href=\"https:\/\/www.instagram.com\/explore\/tags\/eeg\/\">#EEG<\/a><a href=\"https:\/\/www.instagram.com\/explore\/tags\/participatif\/\">#participatif<\/a><a href=\"https:\/\/www.instagram.com\/explore\/tags\/strasbourg\/\">#strasbourg<\/a><a href=\"https:\/\/www.instagram.com\/explore\/tags\/strasbourgculture\/\">#strasbourgculture<\/a><a href=\"https:\/\/www.instagram.com\/explore\/tags\/strasbourgimpression\/\">#strasbourgimpression<\/a><a href=\"https:\/\/www.instagram.com\/explore\/tags\/journ%C3%A9eseurop%C3%A9ensdupatrimoine\/\">#journ\u00e9eseurop\u00e9ensdupatrimoine<\/a><a href=\"https:\/\/www.instagram.com\/explore\/tags\/patrimoine\/\">#patrimoine<\/a><\/p>\n","protected":false},"excerpt":{"rendered":"<p>SAMEDI 21 SEPTEMBRE &#8211; 10hL\u2019Espace Europ\u00e9en Gutenberg vous propose de suivre les traces de Gutenberg, pour une balade \u00e0 v\u00e9lo \u00e0 la d\u00e9couverte de l&rsquo;\u00eele Col\u00e9o-Gutenberg.Sur inscription : https:\/\/www.eventbrite.fr\/___D\u00e9part : place GutenbergDates et horaires : samedi 21 septembre de 14h &hellip; <a href=\"https:\/\/amacg.lyceegutenberg.net\/?p=6324\">Continuer la lecture <span class=\"meta-nav\">&rarr;<\/span><\/a><\/p>\n","protected":false},"author":2,"featured_media":0,"comment_status":"closed","ping_status":"closed","sticky":false,"template":"","format":"standard","meta":{"footnotes":""},"categories":[10],"tags":[],"_links":{"self":[{"href":"https:\/\/amacg.lyceegutenberg.net\/index.php?rest_route=\/wp\/v2\/posts\/6324"}],"collection":[{"href":"https:\/\/amacg.lyceegutenberg.net\/index.php?rest_route=\/wp\/v2\/posts"}],"about":[{"href":"https:\/\/amacg.lyceegutenberg.net\/index.php?rest_route=\/wp\/v2\/types\/post"}],"author":[{"embeddable":true,"href":"https:\/\/amacg.lyceegutenberg.net\/index.php?rest_route=\/wp\/v2\/users\/2"}],"replies":[{"embeddable":true,"href":"https:\/\/amacg.lyceegutenberg.net\/index.php?rest_route=%2Fwp%2Fv2%2Fcomments&post=6324"}],"version-history":[{"count":5,"href":"https:\/\/amacg.lyceegutenberg.net\/index.php?rest_route=\/wp\/v2\/posts\/6324\/revisions"}],"predecessor-version":[{"id":6330,"href":"https:\/\/amacg.lyceegutenberg.net\/index.php?rest_route=\/wp\/v2\/posts\/6324\/revisions\/6330"}],"wp:attachment":[{"href":"https:\/\/amacg.lyceegutenberg.net\/index.php?rest_route=%2Fwp%2Fv2%2Fmedia&parent=6324"}],"wp:term":[{"taxonomy":"category","embeddable":true,"href":"https:\/\/amacg.lyceegutenberg.net\/index.php?rest_route=%2Fwp%2Fv2%2Fcategories&post=6324"},{"taxonomy":"post_tag","embeddable":true,"href":"https:\/\/amacg.lyceegutenberg.net\/index.php?rest_route=%2Fwp%2Fv2%2Ftags&post=6324"}],"curies":[{"name":"wp","href":"https:\/\/api.w.org\/{rel}","templated":true}]}}