{"id":6351,"date":"2024-10-06T08:35:36","date_gmt":"2024-10-06T06:35:36","guid":{"rendered":"https:\/\/amacg.lyceegutenberg.net\/?p=6351"},"modified":"2024-10-06T08:40:15","modified_gmt":"2024-10-06T06:40:15","slug":"albert-kahn","status":"publish","type":"post","link":"https:\/\/amacg.lyceegutenberg.net\/?p=6351","title":{"rendered":"De l&rsquo;Alsace au monde. Voyage dans les Archives de la Plan\u00e8te d&rsquo;Albert Kahn"},"content":{"rendered":"\n<figure class=\"wp-block-image size-large\"><a href=\"http:\/\/amacg.lyceegutenberg.net\/wp-content\/uploads\/Capture-de\u0301cran-2024-10-06-a\u0300-08.38.36.png\"><img decoding=\"async\" loading=\"lazy\" width=\"1024\" height=\"796\" src=\"http:\/\/amacg.lyceegutenberg.net\/wp-content\/uploads\/Capture-de\u0301cran-2024-10-06-a\u0300-08.38.36-1024x796.png\" alt=\"\" class=\"wp-image-6356\" srcset=\"https:\/\/amacg.lyceegutenberg.net\/wp-content\/uploads\/Capture-de\u0301cran-2024-10-06-a\u0300-08.38.36-1024x796.png 1024w, https:\/\/amacg.lyceegutenberg.net\/wp-content\/uploads\/Capture-de\u0301cran-2024-10-06-a\u0300-08.38.36-300x233.png 300w, https:\/\/amacg.lyceegutenberg.net\/wp-content\/uploads\/Capture-de\u0301cran-2024-10-06-a\u0300-08.38.36-768x597.png 768w, https:\/\/amacg.lyceegutenberg.net\/wp-content\/uploads\/Capture-de\u0301cran-2024-10-06-a\u0300-08.38.36-1536x1194.png 1536w, https:\/\/amacg.lyceegutenberg.net\/wp-content\/uploads\/Capture-de\u0301cran-2024-10-06-a\u0300-08.38.36-2048x1592.png 2048w, https:\/\/amacg.lyceegutenberg.net\/wp-content\/uploads\/Capture-de\u0301cran-2024-10-06-a\u0300-08.38.36-386x300.png 386w\" sizes=\"(max-width: 1024px) 100vw, 1024px\" \/><\/a><\/figure>\n\n\n\n<p>la formidable vie d\u2019<a href=\"https:\/\/albert-kahn.hauts-de-seine.fr\/\" data-type=\"link\" data-id=\"https:\/\/albert-kahn.hauts-de-seine.fr\/\"><strong>Albert<\/strong> <strong>Kahn<\/strong><\/a> (1860-1940),<br>banquier, voyageur, philanthrope, n\u00e9 \u00e0 Marmoutier, <br>est retrac\u00e9e dans une exposition \u00e0 la <strong><a href=\"https:\/\/www.bnu.fr\/fr\/evenements-culturels\/nos-expositions\/de-lalsace-au-monde-voyage-dans-les-archives-de-la-planete\" data-type=\"link\" data-id=\"https:\/\/www.bnu.fr\/fr\/evenements-culturels\/nos-expositions\/de-lalsace-au-monde-voyage-dans-les-archives-de-la-planete\">BNU de Strasbourg<\/a><\/strong><\/p>\n\n\n\n<p><\/p>\n","protected":false},"excerpt":{"rendered":"<p>la formidable vie d\u2019Albert Kahn (1860-1940),banquier, voyageur, philanthrope, n\u00e9 \u00e0 Marmoutier, est retrac\u00e9e dans une exposition \u00e0 la BNU de Strasbourg<\/p>\n","protected":false},"author":2,"featured_media":0,"comment_status":"closed","ping_status":"closed","sticky":false,"template":"","format":"standard","meta":{"footnotes":""},"categories":[10],"tags":[],"_links":{"self":[{"href":"https:\/\/amacg.lyceegutenberg.net\/index.php?rest_route=\/wp\/v2\/posts\/6351"}],"collection":[{"href":"https:\/\/amacg.lyceegutenberg.net\/index.php?rest_route=\/wp\/v2\/posts"}],"about":[{"href":"https:\/\/amacg.lyceegutenberg.net\/index.php?rest_route=\/wp\/v2\/types\/post"}],"author":[{"embeddable":true,"href":"https:\/\/amacg.lyceegutenberg.net\/index.php?rest_route=\/wp\/v2\/users\/2"}],"replies":[{"embeddable":true,"href":"https:\/\/amacg.lyceegutenberg.net\/index.php?rest_route=%2Fwp%2Fv2%2Fcomments&post=6351"}],"version-history":[{"count":4,"href":"https:\/\/amacg.lyceegutenberg.net\/index.php?rest_route=\/wp\/v2\/posts\/6351\/revisions"}],"predecessor-version":[{"id":6357,"href":"https:\/\/amacg.lyceegutenberg.net\/index.php?rest_route=\/wp\/v2\/posts\/6351\/revisions\/6357"}],"wp:attachment":[{"href":"https:\/\/amacg.lyceegutenberg.net\/index.php?rest_route=%2Fwp%2Fv2%2Fmedia&parent=6351"}],"wp:term":[{"taxonomy":"category","embeddable":true,"href":"https:\/\/amacg.lyceegutenberg.net\/index.php?rest_route=%2Fwp%2Fv2%2Fcategories&post=6351"},{"taxonomy":"post_tag","embeddable":true,"href":"https:\/\/amacg.lyceegutenberg.net\/index.php?rest_route=%2Fwp%2Fv2%2Ftags&post=6351"}],"curies":[{"name":"wp","href":"https:\/\/api.w.org\/{rel}","templated":true}]}}