{"id":6358,"date":"2024-10-06T08:54:59","date_gmt":"2024-10-06T06:54:59","guid":{"rendered":"https:\/\/amacg.lyceegutenberg.net\/?p=6358"},"modified":"2024-10-06T09:07:35","modified_gmt":"2024-10-06T07:07:35","slug":"leeg-au-festival-formats-2","status":"publish","type":"post","link":"https:\/\/amacg.lyceegutenberg.net\/?p=6358","title":{"rendered":"l&rsquo;EEG au FESTIVAL FORMAT(S)"},"content":{"rendered":"\n<figure class=\"wp-block-image size-large\"><a href=\"https:\/\/amacg.lyceegutenberg.net\/wp-content\/uploads\/Capture-de\u0301cran-2024-10-06-a\u0300-09.07.04.png\"><img decoding=\"async\" loading=\"lazy\" width=\"1024\" height=\"1024\" src=\"https:\/\/amacg.lyceegutenberg.net\/wp-content\/uploads\/Capture-de\u0301cran-2024-10-06-a\u0300-09.07.04-1024x1024.png\" alt=\"\" class=\"wp-image-6364\" srcset=\"https:\/\/amacg.lyceegutenberg.net\/wp-content\/uploads\/Capture-de\u0301cran-2024-10-06-a\u0300-09.07.04-1024x1024.png 1024w, https:\/\/amacg.lyceegutenberg.net\/wp-content\/uploads\/Capture-de\u0301cran-2024-10-06-a\u0300-09.07.04-300x300.png 300w, https:\/\/amacg.lyceegutenberg.net\/wp-content\/uploads\/Capture-de\u0301cran-2024-10-06-a\u0300-09.07.04-150x150.png 150w, https:\/\/amacg.lyceegutenberg.net\/wp-content\/uploads\/Capture-de\u0301cran-2024-10-06-a\u0300-09.07.04-768x769.png 768w, https:\/\/amacg.lyceegutenberg.net\/wp-content\/uploads\/Capture-de\u0301cran-2024-10-06-a\u0300-09.07.04-1534x1536.png 1534w, https:\/\/amacg.lyceegutenberg.net\/wp-content\/uploads\/Capture-de\u0301cran-2024-10-06-a\u0300-09.07.04.png 1568w\" sizes=\"(max-width: 1024px) 100vw, 1024px\" \/><\/a><\/figure>\n\n\n\n<p>pour cette troisi\u00e8me \u00e9dition du <strong>festival Format(s)<\/strong><br>l&rsquo;<strong><a href=\"https:\/\/espace-gutenberg.fr\/fr\/\" data-type=\"link\" data-id=\"https:\/\/espace-gutenberg.fr\/fr\/\">Espace europ\u00e9en Gutenberg<\/a><\/strong> vous propose : <br><br><strong>un atelier TYPO par Bettina Muller &amp; Jul!e Laloy<\/strong><br><strong>samedi 12 octobre et dimanche 13 octobre de 12h \u00e0 18h<\/strong><br><strong>au Garage Coop 2 rue de la Coop\u00e9rative \u00e0 Strasbourg<\/strong><br><em>venez jouer avec des \u00e9l\u00e9ments imprimants en r\u00e9veillant<br>des fonds patrimoniaux sauvegard\u00e9s par l\u2019association<br>et mis sous presse par nos TYPOtes<\/em><\/p>\n\n\n\n<p><strong>une conf\u00e9rence d&rsquo;<a href=\"http:\/\/baldingervuhuu.com\/\" data-type=\"link\" data-id=\"http:\/\/baldingervuhuu.com\/\">Andr\u00e9 Baldinder<\/a><\/strong><br>\u00ab Kana, Kanji, BLine : les caract\u00e8res japonais, entre complexit\u00e9 et innovation \u00bb <br><strong>mardi 15 octobre \u00e0 18h<\/strong><br><strong>\u00e0 l&rsquo;Auditorium de la BNU de Strasbourg<\/strong><br><br><strong>une conf\u00e9rence de Laurent Bourcellier, Francis Ramel et J\u00e9r\u00f4me Knebusch<\/strong><br>The old guys stole our best ideas<br>Trois regards typographiques sur des formes historiques<br><strong>jeudi 7 novembre \u00e0 18h<\/strong><br><strong>\u00e0 l&rsquo;Auditorium de la BNU de Strasbourg<\/strong><br><br><em>sur inscription : eventbrire.fr<\/em><br><br>eeg #espaceeurop\u00e9engutenberg #strasbourg #designgraphique #imprimerie #festival #festivalformats #festivaldesign #festivaldesigngraphique #coopstrasbourg #graphisme<\/p>\n","protected":false},"excerpt":{"rendered":"<p>pour cette troisi\u00e8me \u00e9dition du festival Format(s)l&rsquo;Espace europ\u00e9en Gutenberg vous propose : un atelier TYPO par Bettina Muller &amp; Jul!e Laloysamedi 12 octobre et dimanche 13 octobre de 12h \u00e0 18hau Garage Coop 2 rue de la Coop\u00e9rative \u00e0 Strasbourgvenez &hellip; <a href=\"https:\/\/amacg.lyceegutenberg.net\/?p=6358\">Continuer la lecture <span class=\"meta-nav\">&rarr;<\/span><\/a><\/p>\n","protected":false},"author":2,"featured_media":0,"comment_status":"closed","ping_status":"closed","sticky":false,"template":"","format":"standard","meta":{"footnotes":""},"categories":[10,1],"tags":[],"_links":{"self":[{"href":"https:\/\/amacg.lyceegutenberg.net\/index.php?rest_route=\/wp\/v2\/posts\/6358"}],"collection":[{"href":"https:\/\/amacg.lyceegutenberg.net\/index.php?rest_route=\/wp\/v2\/posts"}],"about":[{"href":"https:\/\/amacg.lyceegutenberg.net\/index.php?rest_route=\/wp\/v2\/types\/post"}],"author":[{"embeddable":true,"href":"https:\/\/amacg.lyceegutenberg.net\/index.php?rest_route=\/wp\/v2\/users\/2"}],"replies":[{"embeddable":true,"href":"https:\/\/amacg.lyceegutenberg.net\/index.php?rest_route=%2Fwp%2Fv2%2Fcomments&post=6358"}],"version-history":[{"count":5,"href":"https:\/\/amacg.lyceegutenberg.net\/index.php?rest_route=\/wp\/v2\/posts\/6358\/revisions"}],"predecessor-version":[{"id":6365,"href":"https:\/\/amacg.lyceegutenberg.net\/index.php?rest_route=\/wp\/v2\/posts\/6358\/revisions\/6365"}],"wp:attachment":[{"href":"https:\/\/amacg.lyceegutenberg.net\/index.php?rest_route=%2Fwp%2Fv2%2Fmedia&parent=6358"}],"wp:term":[{"taxonomy":"category","embeddable":true,"href":"https:\/\/amacg.lyceegutenberg.net\/index.php?rest_route=%2Fwp%2Fv2%2Fcategories&post=6358"},{"taxonomy":"post_tag","embeddable":true,"href":"https:\/\/amacg.lyceegutenberg.net\/index.php?rest_route=%2Fwp%2Fv2%2Ftags&post=6358"}],"curies":[{"name":"wp","href":"https:\/\/api.w.org\/{rel}","templated":true}]}}