{"id":6504,"date":"2025-04-14T08:19:08","date_gmt":"2025-04-14T06:19:08","guid":{"rendered":"https:\/\/amacg.lyceegutenberg.net\/?p=6504"},"modified":"2025-11-10T10:53:04","modified_gmt":"2025-11-10T08:53:04","slug":"elegance-modernite","status":"publish","type":"post","link":"https:\/\/amacg.lyceegutenberg.net\/?p=6504","title":{"rendered":"\u00e9l\u00e9gance &#038; modernit\u00e9"},"content":{"rendered":"\n<figure class=\"wp-block-image size-large is-resized\"><a href=\"https:\/\/amacg.lyceegutenberg.net\/wp-content\/uploads\/Capture-de\u0301cran-2025-04-14-a\u0300-07.54.57.png\"><img decoding=\"async\" loading=\"lazy\" width=\"700\" height=\"1024\" src=\"https:\/\/amacg.lyceegutenberg.net\/wp-content\/uploads\/Capture-de\u0301cran-2025-04-14-a\u0300-07.54.57-700x1024.png\" alt=\"\" class=\"wp-image-6505\" style=\"aspect-ratio:0.68359375;width:438px;height:auto\" srcset=\"https:\/\/amacg.lyceegutenberg.net\/wp-content\/uploads\/Capture-de\u0301cran-2025-04-14-a\u0300-07.54.57-700x1024.png 700w, https:\/\/amacg.lyceegutenberg.net\/wp-content\/uploads\/Capture-de\u0301cran-2025-04-14-a\u0300-07.54.57-205x300.png 205w, https:\/\/amacg.lyceegutenberg.net\/wp-content\/uploads\/Capture-de\u0301cran-2025-04-14-a\u0300-07.54.57-768x1124.png 768w, https:\/\/amacg.lyceegutenberg.net\/wp-content\/uploads\/Capture-de\u0301cran-2025-04-14-a\u0300-07.54.57-1050x1536.png 1050w, https:\/\/amacg.lyceegutenberg.net\/wp-content\/uploads\/Capture-de\u0301cran-2025-04-14-a\u0300-07.54.57.png 1080w\" sizes=\"(max-width: 700px) 100vw, 700px\" \/><\/a><\/figure>\n\n\n\n<p>L\u2019exposition <strong><a href=\"https:\/\/www.bnu.fr\/fr\/evenements-culturels\/nos-expositions\/elegance-et-modernite-lillustration-au-temps-de-lart-deco\">\u00c9l\u00e9gance &amp; modernit\u00e9 : l\u2019illustration au temps de l\u2019Art D\u00e9co<\/a><\/strong>, pr\u00e9sent\u00e9e \u00e0 la Biblioth\u00e8que nationale et universitaire de Strasbourg (Bnu) du 12 avril au 12 juillet 2025, explore le champ de l\u2019illustration et des arts graphiques de l\u2019entre-deux-guerres et montre comment cette expression artistique s\u2019y est pleinement \u00e9panouie.<\/p>\n\n\n\n<p><em>La typographie utilis\u00e9e pour l&rsquo;affiche et pour qqs titres de la sc\u00e9nographie de cette exposition a \u00e9t\u00e9 dessin\u00e9e par Jean Alessandrini et num\u00e9ris\u00e9e par Olivier Nineuil.<\/em><\/p>\n","protected":false},"excerpt":{"rendered":"<p>L\u2019exposition \u00c9l\u00e9gance &amp; modernit\u00e9 : l\u2019illustration au temps de l\u2019Art D\u00e9co, pr\u00e9sent\u00e9e \u00e0 la Biblioth\u00e8que nationale et universitaire de Strasbourg (Bnu) du 12 avril au 12 juillet 2025, explore le champ de l\u2019illustration et des arts graphiques de l\u2019entre-deux-guerres et &hellip; <a href=\"https:\/\/amacg.lyceegutenberg.net\/?p=6504\">Continuer la lecture <span class=\"meta-nav\">&rarr;<\/span><\/a><\/p>\n","protected":false},"author":2,"featured_media":0,"comment_status":"closed","ping_status":"closed","sticky":false,"template":"","format":"standard","meta":{"footnotes":""},"categories":[10,32],"tags":[],"_links":{"self":[{"href":"https:\/\/amacg.lyceegutenberg.net\/index.php?rest_route=\/wp\/v2\/posts\/6504"}],"collection":[{"href":"https:\/\/amacg.lyceegutenberg.net\/index.php?rest_route=\/wp\/v2\/posts"}],"about":[{"href":"https:\/\/amacg.lyceegutenberg.net\/index.php?rest_route=\/wp\/v2\/types\/post"}],"author":[{"embeddable":true,"href":"https:\/\/amacg.lyceegutenberg.net\/index.php?rest_route=\/wp\/v2\/users\/2"}],"replies":[{"embeddable":true,"href":"https:\/\/amacg.lyceegutenberg.net\/index.php?rest_route=%2Fwp%2Fv2%2Fcomments&post=6504"}],"version-history":[{"count":1,"href":"https:\/\/amacg.lyceegutenberg.net\/index.php?rest_route=\/wp\/v2\/posts\/6504\/revisions"}],"predecessor-version":[{"id":6506,"href":"https:\/\/amacg.lyceegutenberg.net\/index.php?rest_route=\/wp\/v2\/posts\/6504\/revisions\/6506"}],"wp:attachment":[{"href":"https:\/\/amacg.lyceegutenberg.net\/index.php?rest_route=%2Fwp%2Fv2%2Fmedia&parent=6504"}],"wp:term":[{"taxonomy":"category","embeddable":true,"href":"https:\/\/amacg.lyceegutenberg.net\/index.php?rest_route=%2Fwp%2Fv2%2Fcategories&post=6504"},{"taxonomy":"post_tag","embeddable":true,"href":"https:\/\/amacg.lyceegutenberg.net\/index.php?rest_route=%2Fwp%2Fv2%2Ftags&post=6504"}],"curies":[{"name":"wp","href":"https:\/\/api.w.org\/{rel}","templated":true}]}}