{"id":6671,"date":"2025-09-19T06:01:00","date_gmt":"2025-09-19T04:01:00","guid":{"rendered":"https:\/\/amacg.lyceegutenberg.net\/?p=6671"},"modified":"2025-09-19T08:44:52","modified_gmt":"2025-09-19T06:44:52","slug":"jep2025","status":"publish","type":"post","link":"https:\/\/amacg.lyceegutenberg.net\/?p=6671","title":{"rendered":"JEP2025"},"content":{"rendered":"\n<figure class=\"wp-block-image size-large\"><a href=\"https:\/\/amacg.lyceegutenberg.net\/wp-content\/uploads\/ee6569e34bb0-Image-illustration-960x1080-1.png\"><img decoding=\"async\" loading=\"lazy\" width=\"1024\" height=\"966\" src=\"https:\/\/amacg.lyceegutenberg.net\/wp-content\/uploads\/ee6569e34bb0-Image-illustration-960x1080-1-1024x966.png\" alt=\"\" class=\"wp-image-6672\" srcset=\"https:\/\/amacg.lyceegutenberg.net\/wp-content\/uploads\/ee6569e34bb0-Image-illustration-960x1080-1-1024x966.png 1024w, https:\/\/amacg.lyceegutenberg.net\/wp-content\/uploads\/ee6569e34bb0-Image-illustration-960x1080-1-300x283.png 300w, https:\/\/amacg.lyceegutenberg.net\/wp-content\/uploads\/ee6569e34bb0-Image-illustration-960x1080-1-768x725.png 768w, https:\/\/amacg.lyceegutenberg.net\/wp-content\/uploads\/ee6569e34bb0-Image-illustration-960x1080-1-1536x1450.png 1536w, https:\/\/amacg.lyceegutenberg.net\/wp-content\/uploads\/ee6569e34bb0-Image-illustration-960x1080-1-318x300.png 318w, https:\/\/amacg.lyceegutenberg.net\/wp-content\/uploads\/ee6569e34bb0-Image-illustration-960x1080-1.png 1920w\" sizes=\"(max-width: 1024px) 100vw, 1024px\" \/><\/a><\/figure>\n\n\n\n<p><strong>Journ\u00e9es Europ\u00e9ennes du Patrimoine<\/strong><br>rendez-vous les <strong>19, 20 et 21 septembre 2025<\/strong><br><br>soyez curieux de d\u00e9couvrir <br>dans la France enti\u00e8re notre patrimoine !<br>trouvez le programme complet par ici : <br><strong><a href=\"https:\/\/journeesdupatrimoine.culture.gouv.fr\/\">journeesdupatrimoine.culture.gouv.fr<\/a><\/strong><\/p>\n","protected":false},"excerpt":{"rendered":"<p>Journ\u00e9es Europ\u00e9ennes du Patrimoinerendez-vous les 19, 20 et 21 septembre 2025 soyez curieux de d\u00e9couvrir dans la France enti\u00e8re notre patrimoine !trouvez le programme complet par ici : journeesdupatrimoine.culture.gouv.fr<\/p>\n","protected":false},"author":2,"featured_media":0,"comment_status":"closed","ping_status":"closed","sticky":false,"template":"","format":"standard","meta":{"footnotes":""},"categories":[10],"tags":[],"_links":{"self":[{"href":"https:\/\/amacg.lyceegutenberg.net\/index.php?rest_route=\/wp\/v2\/posts\/6671"}],"collection":[{"href":"https:\/\/amacg.lyceegutenberg.net\/index.php?rest_route=\/wp\/v2\/posts"}],"about":[{"href":"https:\/\/amacg.lyceegutenberg.net\/index.php?rest_route=\/wp\/v2\/types\/post"}],"author":[{"embeddable":true,"href":"https:\/\/amacg.lyceegutenberg.net\/index.php?rest_route=\/wp\/v2\/users\/2"}],"replies":[{"embeddable":true,"href":"https:\/\/amacg.lyceegutenberg.net\/index.php?rest_route=%2Fwp%2Fv2%2Fcomments&post=6671"}],"version-history":[{"count":1,"href":"https:\/\/amacg.lyceegutenberg.net\/index.php?rest_route=\/wp\/v2\/posts\/6671\/revisions"}],"predecessor-version":[{"id":6673,"href":"https:\/\/amacg.lyceegutenberg.net\/index.php?rest_route=\/wp\/v2\/posts\/6671\/revisions\/6673"}],"wp:attachment":[{"href":"https:\/\/amacg.lyceegutenberg.net\/index.php?rest_route=%2Fwp%2Fv2%2Fmedia&parent=6671"}],"wp:term":[{"taxonomy":"category","embeddable":true,"href":"https:\/\/amacg.lyceegutenberg.net\/index.php?rest_route=%2Fwp%2Fv2%2Fcategories&post=6671"},{"taxonomy":"post_tag","embeddable":true,"href":"https:\/\/amacg.lyceegutenberg.net\/index.php?rest_route=%2Fwp%2Fv2%2Ftags&post=6671"}],"curies":[{"name":"wp","href":"https:\/\/api.w.org\/{rel}","templated":true}]}}