{"id":6675,"date":"2025-08-09T08:07:00","date_gmt":"2025-08-09T06:07:00","guid":{"rendered":"https:\/\/amacg.lyceegutenberg.net\/?p=6675"},"modified":"2025-08-09T09:16:59","modified_gmt":"2025-08-09T07:16:59","slug":"strasculture-2025","status":"publish","type":"post","link":"https:\/\/amacg.lyceegutenberg.net\/?p=6675","title":{"rendered":"StrasCulture 2025"},"content":{"rendered":"\n<figure class=\"wp-block-image size-large is-resized\"><a href=\"https:\/\/amacg.lyceegutenberg.net\/wp-content\/uploads\/Capture-de\u0301cran-2025-08-09-a\u0300-09.07.09.png\"><img decoding=\"async\" loading=\"lazy\" width=\"817\" height=\"1024\" src=\"https:\/\/amacg.lyceegutenberg.net\/wp-content\/uploads\/Capture-de\u0301cran-2025-08-09-a\u0300-09.07.09-817x1024.png\" alt=\"\" class=\"wp-image-6676\" style=\"aspect-ratio:0.7978515625;width:436px;height:auto\" srcset=\"https:\/\/amacg.lyceegutenberg.net\/wp-content\/uploads\/Capture-de\u0301cran-2025-08-09-a\u0300-09.07.09-817x1024.png 817w, https:\/\/amacg.lyceegutenberg.net\/wp-content\/uploads\/Capture-de\u0301cran-2025-08-09-a\u0300-09.07.09-239x300.png 239w, https:\/\/amacg.lyceegutenberg.net\/wp-content\/uploads\/Capture-de\u0301cran-2025-08-09-a\u0300-09.07.09-768x963.png 768w, https:\/\/amacg.lyceegutenberg.net\/wp-content\/uploads\/Capture-de\u0301cran-2025-08-09-a\u0300-09.07.09.png 850w\" sizes=\"(max-width: 817px) 100vw, 817px\" \/><\/a><\/figure>\n\n\n\n<p>Strasculture, c\u2019est la grande f\u00eate <br>de la rentr\u00e9e culturelle \u00e0 Strasbourg : <br>stands, spectacles, animations\u2026 <br>pour d\u00e9couvrir toute l\u2019offre culturelle locale<br>&amp; surtout l&rsquo;occasion de collecter <br>tout type de documents graphiques [ ! ]<\/p>\n","protected":false},"excerpt":{"rendered":"<p>Strasculture, c\u2019est la grande f\u00eate de la rentr\u00e9e culturelle \u00e0 Strasbourg : stands, spectacles, animations\u2026 pour d\u00e9couvrir toute l\u2019offre culturelle locale&amp; surtout l&rsquo;occasion de collecter tout type de documents graphiques [ ! ]<\/p>\n","protected":false},"author":2,"featured_media":0,"comment_status":"closed","ping_status":"closed","sticky":false,"template":"","format":"standard","meta":{"footnotes":""},"categories":[10],"tags":[],"_links":{"self":[{"href":"https:\/\/amacg.lyceegutenberg.net\/index.php?rest_route=\/wp\/v2\/posts\/6675"}],"collection":[{"href":"https:\/\/amacg.lyceegutenberg.net\/index.php?rest_route=\/wp\/v2\/posts"}],"about":[{"href":"https:\/\/amacg.lyceegutenberg.net\/index.php?rest_route=\/wp\/v2\/types\/post"}],"author":[{"embeddable":true,"href":"https:\/\/amacg.lyceegutenberg.net\/index.php?rest_route=\/wp\/v2\/users\/2"}],"replies":[{"embeddable":true,"href":"https:\/\/amacg.lyceegutenberg.net\/index.php?rest_route=%2Fwp%2Fv2%2Fcomments&post=6675"}],"version-history":[{"count":2,"href":"https:\/\/amacg.lyceegutenberg.net\/index.php?rest_route=\/wp\/v2\/posts\/6675\/revisions"}],"predecessor-version":[{"id":6678,"href":"https:\/\/amacg.lyceegutenberg.net\/index.php?rest_route=\/wp\/v2\/posts\/6675\/revisions\/6678"}],"wp:attachment":[{"href":"https:\/\/amacg.lyceegutenberg.net\/index.php?rest_route=%2Fwp%2Fv2%2Fmedia&parent=6675"}],"wp:term":[{"taxonomy":"category","embeddable":true,"href":"https:\/\/amacg.lyceegutenberg.net\/index.php?rest_route=%2Fwp%2Fv2%2Fcategories&post=6675"},{"taxonomy":"post_tag","embeddable":true,"href":"https:\/\/amacg.lyceegutenberg.net\/index.php?rest_route=%2Fwp%2Fv2%2Ftags&post=6675"}],"curies":[{"name":"wp","href":"https:\/\/api.w.org\/{rel}","templated":true}]}}