{"id":6710,"date":"2025-09-04T05:52:00","date_gmt":"2025-09-04T03:52:00","guid":{"rendered":"https:\/\/amacg.lyceegutenberg.net\/?p=6710"},"modified":"2025-09-04T06:55:09","modified_gmt":"2025-09-04T04:55:09","slug":"agenda-culturel-de-strasbourg","status":"publish","type":"post","link":"https:\/\/amacg.lyceegutenberg.net\/?p=6710","title":{"rendered":"agenda culturel de Strasbourg"},"content":{"rendered":"\n<figure class=\"wp-block-image size-large\"><a href=\"https:\/\/amacg.lyceegutenberg.net\/wp-content\/uploads\/Capture-de\u0301cran-2025-09-04-a\u0300-06.51.42.png\"><img decoding=\"async\" loading=\"lazy\" width=\"1024\" height=\"814\" src=\"https:\/\/amacg.lyceegutenberg.net\/wp-content\/uploads\/Capture-de\u0301cran-2025-09-04-a\u0300-06.51.42-1024x814.png\" alt=\"\" class=\"wp-image-6711\" srcset=\"https:\/\/amacg.lyceegutenberg.net\/wp-content\/uploads\/Capture-de\u0301cran-2025-09-04-a\u0300-06.51.42-1024x814.png 1024w, https:\/\/amacg.lyceegutenberg.net\/wp-content\/uploads\/Capture-de\u0301cran-2025-09-04-a\u0300-06.51.42-300x239.png 300w, https:\/\/amacg.lyceegutenberg.net\/wp-content\/uploads\/Capture-de\u0301cran-2025-09-04-a\u0300-06.51.42-768x611.png 768w, https:\/\/amacg.lyceegutenberg.net\/wp-content\/uploads\/Capture-de\u0301cran-2025-09-04-a\u0300-06.51.42-1536x1222.png 1536w, https:\/\/amacg.lyceegutenberg.net\/wp-content\/uploads\/Capture-de\u0301cran-2025-09-04-a\u0300-06.51.42-2048x1629.png 2048w, https:\/\/amacg.lyceegutenberg.net\/wp-content\/uploads\/Capture-de\u0301cran-2025-09-04-a\u0300-06.51.42-377x300.png 377w\" sizes=\"(max-width: 1024px) 100vw, 1024px\" \/><\/a><\/figure>\n\n\n\n<p>concerts, spectacles, expositions, ateliers, conf\u00e9rences\u2026<br>l&rsquo;int\u00e9gralit\u00e9 des \u00e9v\u00e9nements culturels dans l&rsquo;Eurom\u00e9tropole de Strasbourg <br>dans un seul agenda en ligne par <strong><a href=\"https:\/\/culture.strasbourg.eu\/agenda\/\">ici<\/a><\/strong> <\/p>\n","protected":false},"excerpt":{"rendered":"<p>concerts, spectacles, expositions, ateliers, conf\u00e9rences\u2026l&rsquo;int\u00e9gralit\u00e9 des \u00e9v\u00e9nements culturels dans l&rsquo;Eurom\u00e9tropole de Strasbourg dans un seul agenda en ligne par ici<\/p>\n","protected":false},"author":2,"featured_media":0,"comment_status":"closed","ping_status":"closed","sticky":false,"template":"","format":"standard","meta":{"footnotes":""},"categories":[10],"tags":[],"_links":{"self":[{"href":"https:\/\/amacg.lyceegutenberg.net\/index.php?rest_route=\/wp\/v2\/posts\/6710"}],"collection":[{"href":"https:\/\/amacg.lyceegutenberg.net\/index.php?rest_route=\/wp\/v2\/posts"}],"about":[{"href":"https:\/\/amacg.lyceegutenberg.net\/index.php?rest_route=\/wp\/v2\/types\/post"}],"author":[{"embeddable":true,"href":"https:\/\/amacg.lyceegutenberg.net\/index.php?rest_route=\/wp\/v2\/users\/2"}],"replies":[{"embeddable":true,"href":"https:\/\/amacg.lyceegutenberg.net\/index.php?rest_route=%2Fwp%2Fv2%2Fcomments&post=6710"}],"version-history":[{"count":1,"href":"https:\/\/amacg.lyceegutenberg.net\/index.php?rest_route=\/wp\/v2\/posts\/6710\/revisions"}],"predecessor-version":[{"id":6712,"href":"https:\/\/amacg.lyceegutenberg.net\/index.php?rest_route=\/wp\/v2\/posts\/6710\/revisions\/6712"}],"wp:attachment":[{"href":"https:\/\/amacg.lyceegutenberg.net\/index.php?rest_route=%2Fwp%2Fv2%2Fmedia&parent=6710"}],"wp:term":[{"taxonomy":"category","embeddable":true,"href":"https:\/\/amacg.lyceegutenberg.net\/index.php?rest_route=%2Fwp%2Fv2%2Fcategories&post=6710"},{"taxonomy":"post_tag","embeddable":true,"href":"https:\/\/amacg.lyceegutenberg.net\/index.php?rest_route=%2Fwp%2Fv2%2Ftags&post=6710"}],"curies":[{"name":"wp","href":"https:\/\/api.w.org\/{rel}","templated":true}]}}