{"id":6730,"date":"2025-09-19T05:00:00","date_gmt":"2025-09-19T03:00:00","guid":{"rendered":"https:\/\/amacg.lyceegutenberg.net\/?p=6730"},"modified":"2025-09-19T08:47:33","modified_gmt":"2025-09-19T06:47:33","slug":"en-faire-voir-de-toutes-les-couleurs","status":"publish","type":"post","link":"https:\/\/amacg.lyceegutenberg.net\/?p=6730","title":{"rendered":"en (faire) voir de toutes les couleurs"},"content":{"rendered":"\n<figure class=\"wp-block-image size-large\"><a href=\"https:\/\/amacg.lyceegutenberg.net\/wp-content\/uploads\/visuel-invit-planche_light.jpg\"><img decoding=\"async\" loading=\"lazy\" width=\"1024\" height=\"432\" src=\"https:\/\/amacg.lyceegutenberg.net\/wp-content\/uploads\/visuel-invit-planche_light-1024x432.jpg\" alt=\"\" class=\"wp-image-6731\" srcset=\"https:\/\/amacg.lyceegutenberg.net\/wp-content\/uploads\/visuel-invit-planche_light-1024x432.jpg 1024w, https:\/\/amacg.lyceegutenberg.net\/wp-content\/uploads\/visuel-invit-planche_light-300x127.jpg 300w, https:\/\/amacg.lyceegutenberg.net\/wp-content\/uploads\/visuel-invit-planche_light-768x324.jpg 768w, https:\/\/amacg.lyceegutenberg.net\/wp-content\/uploads\/visuel-invit-planche_light-1536x648.jpg 1536w, https:\/\/amacg.lyceegutenberg.net\/wp-content\/uploads\/visuel-invit-planche_light-500x211.jpg 500w, https:\/\/amacg.lyceegutenberg.net\/wp-content\/uploads\/visuel-invit-planche_light.jpg 1772w\" sizes=\"(max-width: 1024px) 100vw, 1024px\" \/><\/a><\/figure>\n\n\n\n<p>b o n j o u r<br>\u00e0 tous<\/p>\n\n\n\n<p>histoire de&nbsp;vous<br><strong>EN (FAIRE) VOIR DE TOUTES LES COULEURS<\/strong><\/p>\n\n\n\n<p>dans le cadre des JEP2025<br>rendez-vous le <strong>dimanche 21 septembre 2025<\/strong><br>chez <strong><a href=\"https:\/\/www.instagram.com\/intergraphicfrance\/\">@intergraphicfrance<\/a><\/strong> entre 14 &amp; 18 heures<br>pour une performance imprim\u00e9e <br>sur presse offset Heidelberg<br>conduite par&nbsp;<br>Cyan \/ <strong><a href=\"https:\/\/www.instagram.com\/laurentbourcellier\">@laurentbourcellier<\/a><\/strong><br>Magenta \/ <strong><a href=\"https:\/\/www.instagram.com\/francisramel\">@francisramel<\/a><\/strong><br>Jaune \/ <strong><a href=\"https:\/\/www.instagram.com\/julielaloy.jl\/\">@julielaloy.jl<\/a><\/strong><br>Noir \/ <strong><a href=\"https:\/\/www.instagram.com\/bettinamuller09\">@bettinamuller09<\/a> <\/strong><br>de l\u2019EEG <strong><a href=\"https:\/\/www.instagram.com\/espaceeuropeengutenberg\/\">@espaceeuropeengutenberg<\/a><\/strong><br>&amp;<br>Serge + Yannick<br>d\u2019Intergraphic<br>\u2014\u2014\u2014<br>9 rue du ch\u00e2teau d\u2019Angleterre \u00e0 Schiltigheim<br>acc\u00e8s tram(e) : ligne B arr\u00eat Le Ried<br>puis 5 minutes de marche direction zone artisanale de la Vogelau<\/p>\n\n\n\n<p>\u00e0 bient\u00f4t<br>b*<br>pour&amp;avec l\u2019\u00e9quipe BENDAY<\/p>\n","protected":false},"excerpt":{"rendered":"<p>b o n j o u r\u00e0 tous histoire de&nbsp;vousEN (FAIRE) VOIR DE TOUTES LES COULEURS dans le cadre des JEP2025rendez-vous le dimanche 21 septembre 2025chez @intergraphicfrance entre 14 &amp; 18 heurespour une performance imprim\u00e9e sur presse offset Heidelbergconduite par&nbsp;Cyan &hellip; <a href=\"https:\/\/amacg.lyceegutenberg.net\/?p=6730\">Continuer la lecture <span class=\"meta-nav\">&rarr;<\/span><\/a><\/p>\n","protected":false},"author":2,"featured_media":0,"comment_status":"closed","ping_status":"closed","sticky":false,"template":"","format":"standard","meta":{"footnotes":""},"categories":[31,10,11,12,9,5],"tags":[],"_links":{"self":[{"href":"https:\/\/amacg.lyceegutenberg.net\/index.php?rest_route=\/wp\/v2\/posts\/6730"}],"collection":[{"href":"https:\/\/amacg.lyceegutenberg.net\/index.php?rest_route=\/wp\/v2\/posts"}],"about":[{"href":"https:\/\/amacg.lyceegutenberg.net\/index.php?rest_route=\/wp\/v2\/types\/post"}],"author":[{"embeddable":true,"href":"https:\/\/amacg.lyceegutenberg.net\/index.php?rest_route=\/wp\/v2\/users\/2"}],"replies":[{"embeddable":true,"href":"https:\/\/amacg.lyceegutenberg.net\/index.php?rest_route=%2Fwp%2Fv2%2Fcomments&post=6730"}],"version-history":[{"count":4,"href":"https:\/\/amacg.lyceegutenberg.net\/index.php?rest_route=\/wp\/v2\/posts\/6730\/revisions"}],"predecessor-version":[{"id":6738,"href":"https:\/\/amacg.lyceegutenberg.net\/index.php?rest_route=\/wp\/v2\/posts\/6730\/revisions\/6738"}],"wp:attachment":[{"href":"https:\/\/amacg.lyceegutenberg.net\/index.php?rest_route=%2Fwp%2Fv2%2Fmedia&parent=6730"}],"wp:term":[{"taxonomy":"category","embeddable":true,"href":"https:\/\/amacg.lyceegutenberg.net\/index.php?rest_route=%2Fwp%2Fv2%2Fcategories&post=6730"},{"taxonomy":"post_tag","embeddable":true,"href":"https:\/\/amacg.lyceegutenberg.net\/index.php?rest_route=%2Fwp%2Fv2%2Ftags&post=6730"}],"curies":[{"name":"wp","href":"https:\/\/api.w.org\/{rel}","templated":true}]}}