{"id":6733,"date":"2025-10-23T05:00:00","date_gmt":"2025-10-23T03:00:00","guid":{"rendered":"https:\/\/amacg.lyceegutenberg.net\/?p=6733"},"modified":"2025-10-24T07:59:09","modified_gmt":"2025-10-24T05:59:09","slug":"helmo-jazz-dor","status":"publish","type":"post","link":"https:\/\/amacg.lyceegutenberg.net\/?p=6733","title":{"rendered":"HELMO, JAZZDORAMA"},"content":{"rendered":"\n<figure class=\"wp-block-image size-large\"><a href=\"https:\/\/amacg.lyceegutenberg.net\/wp-content\/uploads\/547508975_1474891620427221_8743330119305497399_n.jpg\"><img decoding=\"async\" loading=\"lazy\" width=\"1024\" height=\"576\" src=\"https:\/\/amacg.lyceegutenberg.net\/wp-content\/uploads\/547508975_1474891620427221_8743330119305497399_n-1024x576.jpg\" alt=\"\" class=\"wp-image-6734\" srcset=\"https:\/\/amacg.lyceegutenberg.net\/wp-content\/uploads\/547508975_1474891620427221_8743330119305497399_n-1024x576.jpg 1024w, https:\/\/amacg.lyceegutenberg.net\/wp-content\/uploads\/547508975_1474891620427221_8743330119305497399_n-300x169.jpg 300w, https:\/\/amacg.lyceegutenberg.net\/wp-content\/uploads\/547508975_1474891620427221_8743330119305497399_n-768x432.jpg 768w, https:\/\/amacg.lyceegutenberg.net\/wp-content\/uploads\/547508975_1474891620427221_8743330119305497399_n-1536x864.jpg 1536w, https:\/\/amacg.lyceegutenberg.net\/wp-content\/uploads\/547508975_1474891620427221_8743330119305497399_n-500x281.jpg 500w, https:\/\/amacg.lyceegutenberg.net\/wp-content\/uploads\/547508975_1474891620427221_8743330119305497399_n.jpg 1920w\" sizes=\"(max-width: 1024px) 100vw, 1024px\" \/><\/a><\/figure>\n\n\n\n<p><strong>EXPOSITION du 24 novembre au 23 d\u00e9cembre 2025<\/strong><br>soit une carte blanche de la HEAR au festival FORMAT(S) <br>c\u00e9l\u00e9brant 24 ans de collaboration <br>de l\u2019atelier de graphisme Helmo avec JAZZDOR<\/p>\n\n\n\n<p><strong><a rel=\"noreferrer noopener\" href=\"https:\/\/l.facebook.com\/l.php?u=https%3A%2F%2Fhelmo.fr%2F%3Ffbclid%3DIwZXh0bgNhZW0CMTAAAR5Y6jC8dR0C19Ia1mo-8r-vF4ZhIq_gy0tkBhI04_UUOyldoYNuWWdOSPa4lQ_aem_K0vIS8L4Tzjzhnxa1KqqGg&amp;h=AT1wNz-V2BWUvku7ZTiHFt08vc7DJPpGRe-ieie8tdGaV4DTR10bpm-G0MjbSz12GNTY8rKajmTxSbXzjchKNwjQmxs7EXmKWP5U-nBX89AxaaAEFK5MF1S-srFKVyS8vSerNa6IRRI0UqzK072W7XA8eaMmnPdUhYkpcQ&amp;__tn__=q&amp;c[0]=AT2dxJrxcdg2VVk9_UkNRHJhWk6wbQc-ZV9bYEuQ-lHnGX7MpkiBgqiv4-ebuZKtNgKmXxcosALSRC_FGDQtDY9nskTNJt7g7clI2Ryf9iWsKb2vJyMseD_9SBTuceRLVQDyNdW-h7dpD7jc7UCu7mcfM2vRJPBEK-4\" target=\"_blank\">helmo.fr<\/a><br><a rel=\"noreferrer noopener\" href=\"https:\/\/formats-festival.org\/?fbclid=IwZXh0bgNhZW0CMTAAAR5FEaH09hmp1lSI1qep65b-42odASkx-K0X875vZ4tVVoSj6IvBqdhgXI6MsA_aem_5bckm53pLrrjuoLangrG5A\" target=\"_blank\">formats-festival.org<\/a><br><a rel=\"noreferrer noopener\" href=\"https:\/\/www.hear.fr\/la-hear\/la-chaufferie\/?fbclid=IwZXh0bgNhZW0CMTAAAR6sSRNGPlQk1TXfFZMBvVb_V2U5pY9XvlPrPnTpdbAyyYj5kSrDrKqQlTAnRg_aem_LT8Lmwsr5gM2O9eTS4BYWQ\" target=\"_blank\">www.hear.fr\/la-hear\/la-chaufferie<\/a><br><a rel=\"noreferrer noopener\" href=\"https:\/\/l.facebook.com\/l.php?u=https%3A%2F%2Fjazzdor.com%2F%3Ffbclid%3DIwZXh0bgNhZW0CMTAAAR6sSRNGPlQk1TXfFZMBvVb_V2U5pY9XvlPrPnTpdbAyyYj5kSrDrKqQlTAnRg_aem_LT8Lmwsr5gM2O9eTS4BYWQ&amp;h=AT2rMzZSKNJHI5PLZlm3nJIAKB579-jPudbPVvNq6F-JLGOOExyiVDumNIVeKHssX1gtZREsgxg6uetYxXUm1VHvurKx1NzhTwkktVQUJkzkjAqhkXRj7AIBZduidUlS6yusf2c8jvAlzAXtxoCIz9839-pZijiewCPvFg&amp;__tn__=q&amp;c[0]=AT2dxJrxcdg2VVk9_UkNRHJhWk6wbQc-ZV9bYEuQ-lHnGX7MpkiBgqiv4-ebuZKtNgKmXxcosALSRC_FGDQtDY9nskTNJt7g7clI2Ryf9iWsKb2vJyMseD_9SBTuceRLVQDyNdW-h7dpD7jc7UCu7mcfM2vRJPBEK-4\" target=\"_blank\">jazzdor.com<\/a><\/strong> &lt;&lt;&lt; aller observer le design &amp; l&rsquo;ergonomie de ce site<\/p>\n","protected":false},"excerpt":{"rendered":"<p>EXPOSITION du 24 novembre au 23 d\u00e9cembre 2025soit une carte blanche de la HEAR au festival FORMAT(S) c\u00e9l\u00e9brant 24 ans de collaboration de l\u2019atelier de graphisme Helmo avec JAZZDOR helmo.frformats-festival.orgwww.hear.fr\/la-hear\/la-chaufferiejazzdor.com &lt;&lt;&lt; aller observer le design &amp; l&rsquo;ergonomie de ce site<\/p>\n","protected":false},"author":2,"featured_media":0,"comment_status":"closed","ping_status":"closed","sticky":false,"template":"","format":"standard","meta":{"footnotes":""},"categories":[31,10,11,12,5],"tags":[],"_links":{"self":[{"href":"https:\/\/amacg.lyceegutenberg.net\/index.php?rest_route=\/wp\/v2\/posts\/6733"}],"collection":[{"href":"https:\/\/amacg.lyceegutenberg.net\/index.php?rest_route=\/wp\/v2\/posts"}],"about":[{"href":"https:\/\/amacg.lyceegutenberg.net\/index.php?rest_route=\/wp\/v2\/types\/post"}],"author":[{"embeddable":true,"href":"https:\/\/amacg.lyceegutenberg.net\/index.php?rest_route=\/wp\/v2\/users\/2"}],"replies":[{"embeddable":true,"href":"https:\/\/amacg.lyceegutenberg.net\/index.php?rest_route=%2Fwp%2Fv2%2Fcomments&post=6733"}],"version-history":[{"count":4,"href":"https:\/\/amacg.lyceegutenberg.net\/index.php?rest_route=\/wp\/v2\/posts\/6733\/revisions"}],"predecessor-version":[{"id":6915,"href":"https:\/\/amacg.lyceegutenberg.net\/index.php?rest_route=\/wp\/v2\/posts\/6733\/revisions\/6915"}],"wp:attachment":[{"href":"https:\/\/amacg.lyceegutenberg.net\/index.php?rest_route=%2Fwp%2Fv2%2Fmedia&parent=6733"}],"wp:term":[{"taxonomy":"category","embeddable":true,"href":"https:\/\/amacg.lyceegutenberg.net\/index.php?rest_route=%2Fwp%2Fv2%2Fcategories&post=6733"},{"taxonomy":"post_tag","embeddable":true,"href":"https:\/\/amacg.lyceegutenberg.net\/index.php?rest_route=%2Fwp%2Fv2%2Ftags&post=6733"}],"curies":[{"name":"wp","href":"https:\/\/api.w.org\/{rel}","templated":true}]}}