{"id":6757,"date":"2025-09-18T06:46:46","date_gmt":"2025-09-18T04:46:46","guid":{"rendered":"https:\/\/amacg.lyceegutenberg.net\/?p=6757"},"modified":"2025-09-18T06:46:46","modified_gmt":"2025-09-18T04:46:46","slug":"ca-defrise","status":"publish","type":"post","link":"https:\/\/amacg.lyceegutenberg.net\/?p=6757","title":{"rendered":"\u00e7a d\u00e9frise !"},"content":{"rendered":"\n<figure class=\"wp-block-image size-large\"><a href=\"https:\/\/amacg.lyceegutenberg.net\/wp-content\/uploads\/Capture-de\u0301cran-2025-09-18-a\u0300-06.41.50.png\"><img decoding=\"async\" loading=\"lazy\" width=\"1024\" height=\"635\" src=\"https:\/\/amacg.lyceegutenberg.net\/wp-content\/uploads\/Capture-de\u0301cran-2025-09-18-a\u0300-06.41.50-1024x635.png\" alt=\"\" class=\"wp-image-6758\" srcset=\"https:\/\/amacg.lyceegutenberg.net\/wp-content\/uploads\/Capture-de\u0301cran-2025-09-18-a\u0300-06.41.50-1024x635.png 1024w, https:\/\/amacg.lyceegutenberg.net\/wp-content\/uploads\/Capture-de\u0301cran-2025-09-18-a\u0300-06.41.50-300x186.png 300w, https:\/\/amacg.lyceegutenberg.net\/wp-content\/uploads\/Capture-de\u0301cran-2025-09-18-a\u0300-06.41.50-768x476.png 768w, https:\/\/amacg.lyceegutenberg.net\/wp-content\/uploads\/Capture-de\u0301cran-2025-09-18-a\u0300-06.41.50-1536x953.png 1536w, https:\/\/amacg.lyceegutenberg.net\/wp-content\/uploads\/Capture-de\u0301cran-2025-09-18-a\u0300-06.41.50-2048x1270.png 2048w, https:\/\/amacg.lyceegutenberg.net\/wp-content\/uploads\/Capture-de\u0301cran-2025-09-18-a\u0300-06.41.50-484x300.png 484w\" sizes=\"(max-width: 1024px) 100vw, 1024px\" \/><\/a><\/figure>\n\n\n\n<p>frise chronologique du graphisme en France au XXe si\u00e8cle<br>par <strong>Michel Wlassikoff<\/strong> pour le <strong><a href=\"https:\/\/www.cnap.fr\/\">CNAP<\/a><\/strong> en 2006<br>\u00e0 t\u00e9l\u00e9charger <strong><a href=\"https:\/\/www.cnap.fr\/graphisme\/graphisme06\/chronologie\/index.html\">ici<\/a><\/strong><\/p>\n","protected":false},"excerpt":{"rendered":"<p>frise chronologique du graphisme en France au XXe si\u00e8clepar Michel Wlassikoff pour le CNAP en 2006\u00e0 t\u00e9l\u00e9charger ici<\/p>\n","protected":false},"author":2,"featured_media":0,"comment_status":"closed","ping_status":"closed","sticky":false,"template":"","format":"standard","meta":{"footnotes":""},"categories":[11,9,5],"tags":[],"_links":{"self":[{"href":"https:\/\/amacg.lyceegutenberg.net\/index.php?rest_route=\/wp\/v2\/posts\/6757"}],"collection":[{"href":"https:\/\/amacg.lyceegutenberg.net\/index.php?rest_route=\/wp\/v2\/posts"}],"about":[{"href":"https:\/\/amacg.lyceegutenberg.net\/index.php?rest_route=\/wp\/v2\/types\/post"}],"author":[{"embeddable":true,"href":"https:\/\/amacg.lyceegutenberg.net\/index.php?rest_route=\/wp\/v2\/users\/2"}],"replies":[{"embeddable":true,"href":"https:\/\/amacg.lyceegutenberg.net\/index.php?rest_route=%2Fwp%2Fv2%2Fcomments&post=6757"}],"version-history":[{"count":1,"href":"https:\/\/amacg.lyceegutenberg.net\/index.php?rest_route=\/wp\/v2\/posts\/6757\/revisions"}],"predecessor-version":[{"id":6759,"href":"https:\/\/amacg.lyceegutenberg.net\/index.php?rest_route=\/wp\/v2\/posts\/6757\/revisions\/6759"}],"wp:attachment":[{"href":"https:\/\/amacg.lyceegutenberg.net\/index.php?rest_route=%2Fwp%2Fv2%2Fmedia&parent=6757"}],"wp:term":[{"taxonomy":"category","embeddable":true,"href":"https:\/\/amacg.lyceegutenberg.net\/index.php?rest_route=%2Fwp%2Fv2%2Fcategories&post=6757"},{"taxonomy":"post_tag","embeddable":true,"href":"https:\/\/amacg.lyceegutenberg.net\/index.php?rest_route=%2Fwp%2Fv2%2Ftags&post=6757"}],"curies":[{"name":"wp","href":"https:\/\/api.w.org\/{rel}","templated":true}]}}