{"id":6772,"date":"2025-09-20T06:56:18","date_gmt":"2025-09-20T04:56:18","guid":{"rendered":"https:\/\/amacg.lyceegutenberg.net\/?p=6772"},"modified":"2025-09-20T07:00:46","modified_gmt":"2025-09-20T05:00:46","slug":"6772","status":"publish","type":"post","link":"https:\/\/amacg.lyceegutenberg.net\/?p=6772","title":{"rendered":"du croquis \u00e0 l&rsquo;illustration"},"content":{"rendered":"\n<figure class=\"wp-block-image size-large\"><a href=\"https:\/\/amacg.lyceegutenberg.net\/wp-content\/uploads\/32_croquis-de-terrain.jpg\"><img decoding=\"async\" loading=\"lazy\" width=\"503\" height=\"1024\" src=\"https:\/\/amacg.lyceegutenberg.net\/wp-content\/uploads\/32_croquis-de-terrain-503x1024.jpg\" alt=\"\" class=\"wp-image-6773\" srcset=\"https:\/\/amacg.lyceegutenberg.net\/wp-content\/uploads\/32_croquis-de-terrain-503x1024.jpg 503w, https:\/\/amacg.lyceegutenberg.net\/wp-content\/uploads\/32_croquis-de-terrain-147x300.jpg 147w, https:\/\/amacg.lyceegutenberg.net\/wp-content\/uploads\/32_croquis-de-terrain-768x1562.jpg 768w, https:\/\/amacg.lyceegutenberg.net\/wp-content\/uploads\/32_croquis-de-terrain-755x1536.jpg 755w, https:\/\/amacg.lyceegutenberg.net\/wp-content\/uploads\/32_croquis-de-terrain.jpg 1000w\" sizes=\"(max-width: 503px) 100vw, 503px\" \/><\/a><\/figure>\n\n\n\n<p><strong><a href=\"http:\/\/valentineplessy.free.fr\/\">Valentine Plessy<\/a><\/strong> illustratrice naturaliste vit &amp; travaille \u00e0 Strasbourg <\/p>\n\n\n\n<p>son parcours autodidacte est fait d&rsquo;explorations techniques et artistiques, de rencontres<br>&amp; c&rsquo;est aux c\u00f4t\u00e9s d&rsquo;ornithologues, de r\u00e9dacteurs de magazine, de graphistes ou d&rsquo;associations<br>qu&rsquo;elle forge son exp\u00e9rience en \u00e9cho avec les qualit\u00e9s de chacun<\/p>\n\n\n\n<p>suivez-la via <strong><a href=\"https:\/\/www.instagram.com\/valentineplessy\/\">@valentineplessy<\/a><\/strong><\/p>\n","protected":false},"excerpt":{"rendered":"<p>Valentine Plessy illustratrice naturaliste vit &amp; travaille \u00e0 Strasbourg son parcours autodidacte est fait d&rsquo;explorations techniques et artistiques, de rencontres&amp; c&rsquo;est aux c\u00f4t\u00e9s d&rsquo;ornithologues, de r\u00e9dacteurs de magazine, de graphistes ou d&rsquo;associationsqu&rsquo;elle forge son exp\u00e9rience en \u00e9cho avec les qualit\u00e9s &hellip; <a href=\"https:\/\/amacg.lyceegutenberg.net\/?p=6772\">Continuer la lecture <span class=\"meta-nav\">&rarr;<\/span><\/a><\/p>\n","protected":false},"author":2,"featured_media":0,"comment_status":"closed","ping_status":"closed","sticky":false,"template":"","format":"standard","meta":{"footnotes":""},"categories":[17,9],"tags":[],"_links":{"self":[{"href":"https:\/\/amacg.lyceegutenberg.net\/index.php?rest_route=\/wp\/v2\/posts\/6772"}],"collection":[{"href":"https:\/\/amacg.lyceegutenberg.net\/index.php?rest_route=\/wp\/v2\/posts"}],"about":[{"href":"https:\/\/amacg.lyceegutenberg.net\/index.php?rest_route=\/wp\/v2\/types\/post"}],"author":[{"embeddable":true,"href":"https:\/\/amacg.lyceegutenberg.net\/index.php?rest_route=\/wp\/v2\/users\/2"}],"replies":[{"embeddable":true,"href":"https:\/\/amacg.lyceegutenberg.net\/index.php?rest_route=%2Fwp%2Fv2%2Fcomments&post=6772"}],"version-history":[{"count":3,"href":"https:\/\/amacg.lyceegutenberg.net\/index.php?rest_route=\/wp\/v2\/posts\/6772\/revisions"}],"predecessor-version":[{"id":6780,"href":"https:\/\/amacg.lyceegutenberg.net\/index.php?rest_route=\/wp\/v2\/posts\/6772\/revisions\/6780"}],"wp:attachment":[{"href":"https:\/\/amacg.lyceegutenberg.net\/index.php?rest_route=%2Fwp%2Fv2%2Fmedia&parent=6772"}],"wp:term":[{"taxonomy":"category","embeddable":true,"href":"https:\/\/amacg.lyceegutenberg.net\/index.php?rest_route=%2Fwp%2Fv2%2Fcategories&post=6772"},{"taxonomy":"post_tag","embeddable":true,"href":"https:\/\/amacg.lyceegutenberg.net\/index.php?rest_route=%2Fwp%2Fv2%2Ftags&post=6772"}],"curies":[{"name":"wp","href":"https:\/\/api.w.org\/{rel}","templated":true}]}}