{"id":6789,"date":"2025-10-11T06:00:39","date_gmt":"2025-10-11T04:00:39","guid":{"rendered":"https:\/\/amacg.lyceegutenberg.net\/?p=6789"},"modified":"2025-10-11T07:39:18","modified_gmt":"2025-10-11T05:39:18","slug":"dima-korma","status":"publish","type":"post","link":"https:\/\/amacg.lyceegutenberg.net\/?p=6789","title":{"rendered":"Dima Korma"},"content":{"rendered":"\n<figure class=\"wp-block-image size-large\"><a href=\"https:\/\/amacg.lyceegutenberg.net\/wp-content\/uploads\/Capture-de\u0301cran-2025-09-27-a\u0300-05.57.38.png\"><img decoding=\"async\" loading=\"lazy\" width=\"768\" height=\"1024\" src=\"https:\/\/amacg.lyceegutenberg.net\/wp-content\/uploads\/Capture-de\u0301cran-2025-09-27-a\u0300-05.57.38-768x1024.png\" alt=\"\" class=\"wp-image-6790\" srcset=\"https:\/\/amacg.lyceegutenberg.net\/wp-content\/uploads\/Capture-de\u0301cran-2025-09-27-a\u0300-05.57.38-768x1025.png 768w, https:\/\/amacg.lyceegutenberg.net\/wp-content\/uploads\/Capture-de\u0301cran-2025-09-27-a\u0300-05.57.38-225x300.png 225w, https:\/\/amacg.lyceegutenberg.net\/wp-content\/uploads\/Capture-de\u0301cran-2025-09-27-a\u0300-05.57.38.png 850w\" sizes=\"(max-width: 768px) 100vw, 768px\" \/><\/a><\/figure>\n\n\n\n<p><strong>Dima Korma<\/strong> (n\u00e9 en 1988 en Ukraine)<br>artiste visuel bas\u00e9 \u00e0 Berlin qui a \u00e9tudi\u00e9 la communication visuelle <br>au Shenkar College of Engineering, Design and Art<br><br>son langage s&rsquo;articule autour de formes abstraites, <br>d&rsquo;une palette de couleurs audacieuses et d&rsquo;\u00e9l\u00e9ments typographiques<br><br>Dima cr\u00e9e \u00e9galement dans l&rsquo;espace public urbain <br>et ses compositions abstraites et puissantes <br>refl\u00e8tent les \u00e9l\u00e9ments urbains qu&rsquo;il a assimil\u00e9s <br>lors de sa pr\u00e9sence dans l&rsquo;espace public, <br>tout en conservant son objectif premier&nbsp;: <br>trouver l&rsquo;\u00e9quilibre parfait entre espace, couleurs, <br>formes et typographie, r\u00e9unis en une composition harmonieuse<\/p>\n\n\n\n<p>visualiser son univers sur : <strong><a href=\"https:\/\/www.instagram.com\/dimakorma\/\">www.instagram.com\/dimakorma<\/a><\/strong><\/p>\n","protected":false},"excerpt":{"rendered":"<p>Dima Korma (n\u00e9 en 1988 en Ukraine)artiste visuel bas\u00e9 \u00e0 Berlin qui a \u00e9tudi\u00e9 la communication visuelle au Shenkar College of Engineering, Design and Art son langage s&rsquo;articule autour de formes abstraites, d&rsquo;une palette de couleurs audacieuses et d&rsquo;\u00e9l\u00e9ments typographiques &hellip; <a href=\"https:\/\/amacg.lyceegutenberg.net\/?p=6789\">Continuer la lecture <span class=\"meta-nav\">&rarr;<\/span><\/a><\/p>\n","protected":false},"author":2,"featured_media":0,"comment_status":"closed","ping_status":"closed","sticky":false,"template":"","format":"standard","meta":{"footnotes":""},"categories":[31,12,9,5],"tags":[],"_links":{"self":[{"href":"https:\/\/amacg.lyceegutenberg.net\/index.php?rest_route=\/wp\/v2\/posts\/6789"}],"collection":[{"href":"https:\/\/amacg.lyceegutenberg.net\/index.php?rest_route=\/wp\/v2\/posts"}],"about":[{"href":"https:\/\/amacg.lyceegutenberg.net\/index.php?rest_route=\/wp\/v2\/types\/post"}],"author":[{"embeddable":true,"href":"https:\/\/amacg.lyceegutenberg.net\/index.php?rest_route=\/wp\/v2\/users\/2"}],"replies":[{"embeddable":true,"href":"https:\/\/amacg.lyceegutenberg.net\/index.php?rest_route=%2Fwp%2Fv2%2Fcomments&post=6789"}],"version-history":[{"count":2,"href":"https:\/\/amacg.lyceegutenberg.net\/index.php?rest_route=\/wp\/v2\/posts\/6789\/revisions"}],"predecessor-version":[{"id":6842,"href":"https:\/\/amacg.lyceegutenberg.net\/index.php?rest_route=\/wp\/v2\/posts\/6789\/revisions\/6842"}],"wp:attachment":[{"href":"https:\/\/amacg.lyceegutenberg.net\/index.php?rest_route=%2Fwp%2Fv2%2Fmedia&parent=6789"}],"wp:term":[{"taxonomy":"category","embeddable":true,"href":"https:\/\/amacg.lyceegutenberg.net\/index.php?rest_route=%2Fwp%2Fv2%2Fcategories&post=6789"},{"taxonomy":"post_tag","embeddable":true,"href":"https:\/\/amacg.lyceegutenberg.net\/index.php?rest_route=%2Fwp%2Fv2%2Ftags&post=6789"}],"curies":[{"name":"wp","href":"https:\/\/api.w.org\/{rel}","templated":true}]}}