{"id":6792,"date":"2025-11-02T05:38:00","date_gmt":"2025-11-02T03:38:00","guid":{"rendered":"https:\/\/amacg.lyceegutenberg.net\/?p=6792"},"modified":"2025-11-02T21:31:16","modified_gmt":"2025-11-02T19:31:16","slug":"graphe-rencontre-avec-lart-typographique","status":"publish","type":"post","link":"https:\/\/amacg.lyceegutenberg.net\/?p=6792","title":{"rendered":"Graph\u00ea : rencontre avec l\u2019art typographique"},"content":{"rendered":"\n<figure class=\"wp-block-image size-full\"><a href=\"https:\/\/amacg.lyceegutenberg.net\/wp-content\/uploads\/Photo_conference_GRAPHE_COUL-et-BD-1.jpg\"><img decoding=\"async\" loading=\"lazy\" width=\"817\" height=\"817\" src=\"https:\/\/amacg.lyceegutenberg.net\/wp-content\/uploads\/Photo_conference_GRAPHE_COUL-et-BD-1.jpg\" alt=\"\" class=\"wp-image-6793\" srcset=\"https:\/\/amacg.lyceegutenberg.net\/wp-content\/uploads\/Photo_conference_GRAPHE_COUL-et-BD-1.jpg 817w, https:\/\/amacg.lyceegutenberg.net\/wp-content\/uploads\/Photo_conference_GRAPHE_COUL-et-BD-1-300x300.jpg 300w, https:\/\/amacg.lyceegutenberg.net\/wp-content\/uploads\/Photo_conference_GRAPHE_COUL-et-BD-1-150x150.jpg 150w, https:\/\/amacg.lyceegutenberg.net\/wp-content\/uploads\/Photo_conference_GRAPHE_COUL-et-BD-1-768x768.jpg 768w\" sizes=\"(max-width: 817px) 100vw, 817px\" \/><\/a><\/figure>\n\n\n\n<p>cr\u00e9\u00e9e en 1991 <strong><a href=\"https:\/\/typo-graphe.com\/\">Graph\u00ea<\/a><\/strong> a pour objectif de susciter, animer et encourager <br>toute action au service de l\u2019\u00e9crit et de la langue fran\u00e7aise<br><br>patrimoine, travaux de dessinateurs de caract\u00e8res, mise en page, affiche, [\u2026] <br>sont autant de lieux o\u00f9 prend vie la typographie<br><br>chaque trimestre Graph\u00ea \u00e9dite une revue de 16 pages compos\u00e9e <br>d\u2019articles de fonds et de relais d\u2019informations typographiques<br><br>le num\u00e9ro 104 d\u2019octobre 2025 <br>est d\u00e9di\u00e9 \u00e0 la cr\u00e9ation de l\u2019identit\u00e9 visuelle <br>de la F\u00eate des Imprimeurs, \u00e9v\u00e9nement strasbourgeois <br>port\u00e9 par l\u2019<strong><a href=\"https:\/\/espace-gutenberg.fr\/fr\/\">Espace Europ\u00e9en Gutenberg<\/a><\/strong> <br>et soutenue par la Ville et l\u2019Eurom\u00e9tropole de Strasbourg<br><br>dans le contexte particulier du label Capitale Mondiale du Llivre en 2024, <br>comment aborder la typographie et le graphisme ?<\/p>\n\n\n\n<p>RDV \u00e0 la conf\u00e9rence <strong>mardi 4 novembre de 18h30 \u00e0 20h30<\/strong> <br><strong>\u00e0 la Bnu<\/strong> \u2014 6 place de la R\u00e9publique \u00e0 Strasbourg<br>&amp; d\u00e9couvrez l\u2019association Graph\u00ea et ses revues sp\u00e9cialis\u00e9es, <br>le caract\u00e8res <strong>Johannes<\/strong> dessin\u00e9 par <strong>Laurent Bourcellier<\/strong><br>et l\u2019idendit\u00e9 de la F\u00eate des Imprimeurs r\u00e9alis\u00e9e par <strong>NUN design<\/strong><\/p>\n\n\n\n<p>entr\u00e9e libre sur r\u00e9servation par <strong><a href=\"https:\/\/www.eventbrite.fr\/e\/billets-les-rendez-vous-de-gutenberg-graphe-rencontre-avec-lart-typographique-1499216098709\">ici<\/a><\/strong><\/p>\n","protected":false},"excerpt":{"rendered":"<p>cr\u00e9\u00e9e en 1991 Graph\u00ea a pour objectif de susciter, animer et encourager toute action au service de l\u2019\u00e9crit et de la langue fran\u00e7aise patrimoine, travaux de dessinateurs de caract\u00e8res, mise en page, affiche, [\u2026] sont autant de lieux o\u00f9 prend &hellip; <a href=\"https:\/\/amacg.lyceegutenberg.net\/?p=6792\">Continuer la lecture <span class=\"meta-nav\">&rarr;<\/span><\/a><\/p>\n","protected":false},"author":2,"featured_media":0,"comment_status":"closed","ping_status":"closed","sticky":false,"template":"","format":"standard","meta":{"footnotes":""},"categories":[10,5],"tags":[],"_links":{"self":[{"href":"https:\/\/amacg.lyceegutenberg.net\/index.php?rest_route=\/wp\/v2\/posts\/6792"}],"collection":[{"href":"https:\/\/amacg.lyceegutenberg.net\/index.php?rest_route=\/wp\/v2\/posts"}],"about":[{"href":"https:\/\/amacg.lyceegutenberg.net\/index.php?rest_route=\/wp\/v2\/types\/post"}],"author":[{"embeddable":true,"href":"https:\/\/amacg.lyceegutenberg.net\/index.php?rest_route=\/wp\/v2\/users\/2"}],"replies":[{"embeddable":true,"href":"https:\/\/amacg.lyceegutenberg.net\/index.php?rest_route=%2Fwp%2Fv2%2Fcomments&post=6792"}],"version-history":[{"count":2,"href":"https:\/\/amacg.lyceegutenberg.net\/index.php?rest_route=\/wp\/v2\/posts\/6792\/revisions"}],"predecessor-version":[{"id":6795,"href":"https:\/\/amacg.lyceegutenberg.net\/index.php?rest_route=\/wp\/v2\/posts\/6792\/revisions\/6795"}],"wp:attachment":[{"href":"https:\/\/amacg.lyceegutenberg.net\/index.php?rest_route=%2Fwp%2Fv2%2Fmedia&parent=6792"}],"wp:term":[{"taxonomy":"category","embeddable":true,"href":"https:\/\/amacg.lyceegutenberg.net\/index.php?rest_route=%2Fwp%2Fv2%2Fcategories&post=6792"},{"taxonomy":"post_tag","embeddable":true,"href":"https:\/\/amacg.lyceegutenberg.net\/index.php?rest_route=%2Fwp%2Fv2%2Ftags&post=6792"}],"curies":[{"name":"wp","href":"https:\/\/api.w.org\/{rel}","templated":true}]}}