{"id":6832,"date":"2025-10-10T06:53:01","date_gmt":"2025-10-10T04:53:01","guid":{"rendered":"https:\/\/amacg.lyceegutenberg.net\/?p=6832"},"modified":"2025-10-11T07:37:31","modified_gmt":"2025-10-11T05:37:31","slug":"les-journees-de-larchitecture","status":"publish","type":"post","link":"https:\/\/amacg.lyceegutenberg.net\/?p=6832","title":{"rendered":"les journ\u00e9es de l&rsquo;architecture"},"content":{"rendered":"\n<figure class=\"wp-block-image size-large\"><a href=\"https:\/\/amacg.lyceegutenberg.net\/wp-content\/uploads\/Instagram_1080x1350px_2025_72dpi.jpg\"><img decoding=\"async\" loading=\"lazy\" width=\"819\" height=\"1024\" src=\"https:\/\/amacg.lyceegutenberg.net\/wp-content\/uploads\/Instagram_1080x1350px_2025_72dpi-819x1024.jpg\" alt=\"\" class=\"wp-image-6833\" srcset=\"https:\/\/amacg.lyceegutenberg.net\/wp-content\/uploads\/Instagram_1080x1350px_2025_72dpi-819x1024.jpg 819w, https:\/\/amacg.lyceegutenberg.net\/wp-content\/uploads\/Instagram_1080x1350px_2025_72dpi-240x300.jpg 240w, https:\/\/amacg.lyceegutenberg.net\/wp-content\/uploads\/Instagram_1080x1350px_2025_72dpi-768x960.jpg 768w, https:\/\/amacg.lyceegutenberg.net\/wp-content\/uploads\/Instagram_1080x1350px_2025_72dpi.jpg 1080w\" sizes=\"(max-width: 819px) 100vw, 819px\" \/><\/a><\/figure>\n\n\n\n<p>tout le programme par <strong><a href=\"https:\/\/www.m-ea.eu\/les-journees-de-larchitecture\/programme-2025\/\">ici<\/a><\/strong><\/p>\n\n\n\n<p>n&rsquo;oubliez pas d&rsquo;aller aux 2 expositions <br>\u00e0 la <strong><a href=\"https:\/\/www.mediatheques.strasbourg.eu\/default\/mediatheque-andre-malraux.aspx?_lg=fr-FR\">M\u00e9diath\u00e8que Malraux<\/a><\/strong> de Strasbourg !<\/p>\n","protected":false},"excerpt":{"rendered":"<p>tout le programme par ici n&rsquo;oubliez pas d&rsquo;aller aux 2 expositions \u00e0 la M\u00e9diath\u00e8que Malraux de Strasbourg !<\/p>\n","protected":false},"author":2,"featured_media":0,"comment_status":"closed","ping_status":"closed","sticky":false,"template":"","format":"standard","meta":{"footnotes":""},"categories":[10],"tags":[],"_links":{"self":[{"href":"https:\/\/amacg.lyceegutenberg.net\/index.php?rest_route=\/wp\/v2\/posts\/6832"}],"collection":[{"href":"https:\/\/amacg.lyceegutenberg.net\/index.php?rest_route=\/wp\/v2\/posts"}],"about":[{"href":"https:\/\/amacg.lyceegutenberg.net\/index.php?rest_route=\/wp\/v2\/types\/post"}],"author":[{"embeddable":true,"href":"https:\/\/amacg.lyceegutenberg.net\/index.php?rest_route=\/wp\/v2\/users\/2"}],"replies":[{"embeddable":true,"href":"https:\/\/amacg.lyceegutenberg.net\/index.php?rest_route=%2Fwp%2Fv2%2Fcomments&post=6832"}],"version-history":[{"count":2,"href":"https:\/\/amacg.lyceegutenberg.net\/index.php?rest_route=\/wp\/v2\/posts\/6832\/revisions"}],"predecessor-version":[{"id":6836,"href":"https:\/\/amacg.lyceegutenberg.net\/index.php?rest_route=\/wp\/v2\/posts\/6832\/revisions\/6836"}],"wp:attachment":[{"href":"https:\/\/amacg.lyceegutenberg.net\/index.php?rest_route=%2Fwp%2Fv2%2Fmedia&parent=6832"}],"wp:term":[{"taxonomy":"category","embeddable":true,"href":"https:\/\/amacg.lyceegutenberg.net\/index.php?rest_route=%2Fwp%2Fv2%2Fcategories&post=6832"},{"taxonomy":"post_tag","embeddable":true,"href":"https:\/\/amacg.lyceegutenberg.net\/index.php?rest_route=%2Fwp%2Fv2%2Ftags&post=6832"}],"curies":[{"name":"wp","href":"https:\/\/api.w.org\/{rel}","templated":true}]}}