{"id":6843,"date":"2025-10-11T15:26:38","date_gmt":"2025-10-11T13:26:38","guid":{"rendered":"https:\/\/amacg.lyceegutenberg.net\/?p=6843"},"modified":"2025-10-11T15:45:02","modified_gmt":"2025-10-11T13:45:02","slug":"des-gouts-et-des-couleurs-avec-michel-pastoureau","status":"publish","type":"post","link":"https:\/\/amacg.lyceegutenberg.net\/?p=6843","title":{"rendered":"des go\u00fbts &#038; des couleurs"},"content":{"rendered":"\n<figure class=\"wp-block-image size-full is-resized\"><a href=\"https:\/\/amacg.lyceegutenberg.net\/wp-content\/uploads\/visual_franceculture.CCW6Tqpt.jpg\"><img decoding=\"async\" loading=\"lazy\" width=\"300\" height=\"300\" src=\"https:\/\/amacg.lyceegutenberg.net\/wp-content\/uploads\/visual_franceculture.CCW6Tqpt.jpg\" alt=\"\" class=\"wp-image-6844\" style=\"aspect-ratio:1;width:465px;height:auto\" srcset=\"https:\/\/amacg.lyceegutenberg.net\/wp-content\/uploads\/visual_franceculture.CCW6Tqpt.jpg 300w, https:\/\/amacg.lyceegutenberg.net\/wp-content\/uploads\/visual_franceculture.CCW6Tqpt-150x150.jpg 150w\" sizes=\"(max-width: 300px) 100vw, 300px\" \/><\/a><\/figure>\n\n\n\n<p>les couleurs ne sont jamais l\u00e0 par hasard<br>elles v\u00e9hiculent des sens cach\u00e9s, des codes, des tabous ou des pr\u00e9jug\u00e9s<br>elles p\u00e8sent sur notre vie quotidienne, notre langage et notre imaginaire<br>elles ne sont ni immuables ni universelles et ont une histoire\u2026<\/p>\n\n\n\n<p>une s\u00e9rie de 5 \u00e9pisodes sur France Culture <br>avec <strong><a href=\"https:\/\/fr.wikipedia.org\/wiki\/Michel_Pastoureau\">Michel Pastoureau<\/a><\/strong> :<br>\u2014 le bleu, histoire d&rsquo;un paradoxe<br>\u2014 le rouge, la couleur qui veut se faire voir<br>\u2014 le noir<br>\u2014 le vert<br>\u2014 le jaune<br><br>\u00e0 [re]\u00e9couter par <a href=\"https:\/\/www.radiofrance.fr\/franceculture\/podcasts\/serie-des-gouts-et-des-couleurs-avec-michel-pastoureau\"><strong>ici<\/strong><\/a><\/p>\n","protected":false},"excerpt":{"rendered":"<p>les couleurs ne sont jamais l\u00e0 par hasardelles v\u00e9hiculent des sens cach\u00e9s, des codes, des tabous ou des pr\u00e9jug\u00e9selles p\u00e8sent sur notre vie quotidienne, notre langage et notre imaginaireelles ne sont ni immuables ni universelles et ont une histoire\u2026 une &hellip; <a href=\"https:\/\/amacg.lyceegutenberg.net\/?p=6843\">Continuer la lecture <span class=\"meta-nav\">&rarr;<\/span><\/a><\/p>\n","protected":false},"author":2,"featured_media":0,"comment_status":"closed","ping_status":"closed","sticky":false,"template":"","format":"standard","meta":{"footnotes":""},"categories":[31],"tags":[],"_links":{"self":[{"href":"https:\/\/amacg.lyceegutenberg.net\/index.php?rest_route=\/wp\/v2\/posts\/6843"}],"collection":[{"href":"https:\/\/amacg.lyceegutenberg.net\/index.php?rest_route=\/wp\/v2\/posts"}],"about":[{"href":"https:\/\/amacg.lyceegutenberg.net\/index.php?rest_route=\/wp\/v2\/types\/post"}],"author":[{"embeddable":true,"href":"https:\/\/amacg.lyceegutenberg.net\/index.php?rest_route=\/wp\/v2\/users\/2"}],"replies":[{"embeddable":true,"href":"https:\/\/amacg.lyceegutenberg.net\/index.php?rest_route=%2Fwp%2Fv2%2Fcomments&post=6843"}],"version-history":[{"count":6,"href":"https:\/\/amacg.lyceegutenberg.net\/index.php?rest_route=\/wp\/v2\/posts\/6843\/revisions"}],"predecessor-version":[{"id":6853,"href":"https:\/\/amacg.lyceegutenberg.net\/index.php?rest_route=\/wp\/v2\/posts\/6843\/revisions\/6853"}],"wp:attachment":[{"href":"https:\/\/amacg.lyceegutenberg.net\/index.php?rest_route=%2Fwp%2Fv2%2Fmedia&parent=6843"}],"wp:term":[{"taxonomy":"category","embeddable":true,"href":"https:\/\/amacg.lyceegutenberg.net\/index.php?rest_route=%2Fwp%2Fv2%2Fcategories&post=6843"},{"taxonomy":"post_tag","embeddable":true,"href":"https:\/\/amacg.lyceegutenberg.net\/index.php?rest_route=%2Fwp%2Fv2%2Ftags&post=6843"}],"curies":[{"name":"wp","href":"https:\/\/api.w.org\/{rel}","templated":true}]}}