{"id":6851,"date":"2025-10-07T15:41:45","date_gmt":"2025-10-07T13:41:45","guid":{"rendered":"https:\/\/amacg.lyceegutenberg.net\/?p=6851"},"modified":"2025-10-11T15:44:30","modified_gmt":"2025-10-11T13:44:30","slug":"johannes-gutenberg","status":"publish","type":"post","link":"https:\/\/amacg.lyceegutenberg.net\/?p=6851","title":{"rendered":"Johannes Gutenberg"},"content":{"rendered":"\n<figure class=\"wp-block-embed is-type-video is-provider-youtube wp-block-embed-youtube wp-embed-aspect-16-9 wp-has-aspect-ratio\"><div class=\"wp-block-embed__wrapper\">\n<iframe loading=\"lazy\" title=\"Johannes Gutenberg I Quelle Histoire - TV5 Monde\" width=\"584\" height=\"329\" src=\"https:\/\/www.youtube.com\/embed\/9Py9w1ELFFQ?start=4&#038;feature=oembed\" frameborder=\"0\" allow=\"accelerometer; autoplay; clipboard-write; encrypted-media; gyroscope; picture-in-picture; web-share\" referrerpolicy=\"strict-origin-when-cross-origin\" allowfullscreen><\/iframe>\n<\/div><\/figure>\n\n\n\n<p>contrairement \u00e0 ce que l\u2019on croit, l\u2019imprimerie n\u2019a pas \u00e9t\u00e9 cr\u00e9\u00e9e <br>par Johannes Gutenberg, mais ce personnage va tout de m\u00eame <br>mettre au point des inventions extraordinaires ! <br><br>il imagine un syst\u00e8me d\u2019impression tellement moderne et rapide <br>qu\u2019il va r\u00e9volutionner la production de livres, et donc l\u2019histoire de l\u2019humanit\u00e9\u2026<\/p>\n","protected":false},"excerpt":{"rendered":"<p>contrairement \u00e0 ce que l\u2019on croit, l\u2019imprimerie n\u2019a pas \u00e9t\u00e9 cr\u00e9\u00e9e par Johannes Gutenberg, mais ce personnage va tout de m\u00eame mettre au point des inventions extraordinaires ! il imagine un syst\u00e8me d\u2019impression tellement moderne et rapide qu\u2019il va r\u00e9volutionner &hellip; <a href=\"https:\/\/amacg.lyceegutenberg.net\/?p=6851\">Continuer la lecture <span class=\"meta-nav\">&rarr;<\/span><\/a><\/p>\n","protected":false},"author":2,"featured_media":0,"comment_status":"closed","ping_status":"closed","sticky":false,"template":"","format":"standard","meta":{"footnotes":""},"categories":[22],"tags":[],"_links":{"self":[{"href":"https:\/\/amacg.lyceegutenberg.net\/index.php?rest_route=\/wp\/v2\/posts\/6851"}],"collection":[{"href":"https:\/\/amacg.lyceegutenberg.net\/index.php?rest_route=\/wp\/v2\/posts"}],"about":[{"href":"https:\/\/amacg.lyceegutenberg.net\/index.php?rest_route=\/wp\/v2\/types\/post"}],"author":[{"embeddable":true,"href":"https:\/\/amacg.lyceegutenberg.net\/index.php?rest_route=\/wp\/v2\/users\/2"}],"replies":[{"embeddable":true,"href":"https:\/\/amacg.lyceegutenberg.net\/index.php?rest_route=%2Fwp%2Fv2%2Fcomments&post=6851"}],"version-history":[{"count":1,"href":"https:\/\/amacg.lyceegutenberg.net\/index.php?rest_route=\/wp\/v2\/posts\/6851\/revisions"}],"predecessor-version":[{"id":6852,"href":"https:\/\/amacg.lyceegutenberg.net\/index.php?rest_route=\/wp\/v2\/posts\/6851\/revisions\/6852"}],"wp:attachment":[{"href":"https:\/\/amacg.lyceegutenberg.net\/index.php?rest_route=%2Fwp%2Fv2%2Fmedia&parent=6851"}],"wp:term":[{"taxonomy":"category","embeddable":true,"href":"https:\/\/amacg.lyceegutenberg.net\/index.php?rest_route=%2Fwp%2Fv2%2Fcategories&post=6851"},{"taxonomy":"post_tag","embeddable":true,"href":"https:\/\/amacg.lyceegutenberg.net\/index.php?rest_route=%2Fwp%2Fv2%2Ftags&post=6851"}],"curies":[{"name":"wp","href":"https:\/\/api.w.org\/{rel}","templated":true}]}}