{"id":6871,"date":"2025-10-13T13:14:40","date_gmt":"2025-10-13T11:14:40","guid":{"rendered":"https:\/\/amacg.lyceegutenberg.net\/?p=6871"},"modified":"2025-10-14T07:03:03","modified_gmt":"2025-10-14T05:03:03","slug":"plakatszene-luzern","status":"publish","type":"post","link":"https:\/\/amacg.lyceegutenberg.net\/?p=6871","title":{"rendered":"Plakatszene Luzern"},"content":{"rendered":"\n<figure class=\"wp-block-image size-large is-resized\"><a href=\"https:\/\/amacg.lyceegutenberg.net\/wp-content\/uploads\/Capture-de\u0301cran-2025-10-13-a\u0300-13.12.06.png\"><img decoding=\"async\" loading=\"lazy\" width=\"725\" height=\"1024\" src=\"https:\/\/amacg.lyceegutenberg.net\/wp-content\/uploads\/Capture-de\u0301cran-2025-10-13-a\u0300-13.12.06-725x1024.png\" alt=\"\" class=\"wp-image-6872\" style=\"aspect-ratio:0.7080078125;width:447px;height:auto\" srcset=\"https:\/\/amacg.lyceegutenberg.net\/wp-content\/uploads\/Capture-de\u0301cran-2025-10-13-a\u0300-13.12.06-725x1024.png 725w, https:\/\/amacg.lyceegutenberg.net\/wp-content\/uploads\/Capture-de\u0301cran-2025-10-13-a\u0300-13.12.06-212x300.png 212w, https:\/\/amacg.lyceegutenberg.net\/wp-content\/uploads\/Capture-de\u0301cran-2025-10-13-a\u0300-13.12.06-768x1085.png 768w, https:\/\/amacg.lyceegutenberg.net\/wp-content\/uploads\/Capture-de\u0301cran-2025-10-13-a\u0300-13.12.06.png 850w\" sizes=\"(max-width: 725px) 100vw, 725px\" \/><\/a><\/figure>\n\n\n\n<p>affiche r\u00e9alis\u00e9e par <a href=\"https:\/\/www.instagram.com\/isabellemauchle\/\">@isabellemauchle<\/a> <a href=\"https:\/\/www.instagram.com\/studiofeixen\/\">@studiofeixen<\/a> <a href=\"https:\/\/www.instagram.com\/erichbrechbuhl\/\">@erichbrechbuhl<\/a> <br>pour <strong><a href=\"https:\/\/www.instagram.com\/baselpostercollection\/\">@baselpostercollection<\/a> <\/strong>soit l&rsquo;exposition <strong><a href=\"https:\/\/www.sfgbasel.ch\/aktuell\/ausstellung-plakatszene-luzern\">PLAKATSZENE LUZERN<\/a><\/strong><br><br><em>Au cours des 20 derni\u00e8res ann\u00e9es, Lucerne s&rsquo;est m\u00e9rit\u00e9 une r\u00e9putation de v\u00e9ritable ville d&rsquo;affiches. La qualit\u00e9, la diversit\u00e9 et la fra\u00eecheur des affiches de Lucerne ont \u00e9t\u00e9 reconnues \u00e0 plusieurs reprises lors des festivals, comp\u00e9titions et publications. L&rsquo;exposition se concentre sur les \u0153uvres de graphistes associ\u00e9s aux lieux de Treibhaus, S\u00fcdpol et Neubad, ainsi que sur le Weltformat Festival, qui se d\u00e9roule \u00e0 Lucerne depuis 2009. En tant que plateformes, ces lieux ont favoris\u00e9 le r\u00e9seautage et contribu\u00e9 de fa\u00e7on significative \u00e0 l&rsquo;\u00e9mergence d&rsquo;une sc\u00e8ne graphique et d&rsquo;affiches caract\u00e9ris\u00e9es par une culture de coop\u00e9ration et d&rsquo;\u00e9change cr\u00e9atif.<\/em><br><br>une exposition issue de la collection d&rsquo;affiches de B\u00e2le<br><a href=\"https:\/\/www.instagram.com\/anniktroxler\/\">@anniktroxler<\/a>, <a href=\"https:\/\/www.instagram.com\/anniktroxler\/\">@anniktroxler<\/a>, <a href=\"https:\/\/www.instagram.com\/c2fdesign\/\">@c2fdesign<\/a>, <a href=\"https:\/\/www.instagram.com\/carlacrameri\/\">@carlacrameri<\/a>, <a href=\"https:\/\/www.instagram.com\/erichbrechbuhl\/\">@erichbrechbuhl<\/a>, <a href=\"https:\/\/www.instagram.com\/studiofeixen\/\">@studiofeixen<\/a>, <a href=\"https:\/\/www.instagram.com\/gina_burri_\/\">@gina_burri_<\/a>, <a href=\"https:\/\/www.instagram.com\/isabellemauchle\/\">@isabellemauchle<\/a>, <a href=\"https:\/\/www.instagram.com\/itsrainingelephants\/\">@itsrainingelephants<\/a> et d&rsquo;autres<\/p>\n","protected":false},"excerpt":{"rendered":"<p>affiche r\u00e9alis\u00e9e par @isabellemauchle @studiofeixen @erichbrechbuhl pour @baselpostercollection soit l&rsquo;exposition PLAKATSZENE LUZERN Au cours des 20 derni\u00e8res ann\u00e9es, Lucerne s&rsquo;est m\u00e9rit\u00e9 une r\u00e9putation de v\u00e9ritable ville d&rsquo;affiches. La qualit\u00e9, la diversit\u00e9 et la fra\u00eecheur des affiches de Lucerne ont \u00e9t\u00e9 &hellip; <a href=\"https:\/\/amacg.lyceegutenberg.net\/?p=6871\">Continuer la lecture <span class=\"meta-nav\">&rarr;<\/span><\/a><\/p>\n","protected":false},"author":2,"featured_media":0,"comment_status":"closed","ping_status":"closed","sticky":false,"template":"","format":"standard","meta":{"footnotes":""},"categories":[10],"tags":[],"_links":{"self":[{"href":"https:\/\/amacg.lyceegutenberg.net\/index.php?rest_route=\/wp\/v2\/posts\/6871"}],"collection":[{"href":"https:\/\/amacg.lyceegutenberg.net\/index.php?rest_route=\/wp\/v2\/posts"}],"about":[{"href":"https:\/\/amacg.lyceegutenberg.net\/index.php?rest_route=\/wp\/v2\/types\/post"}],"author":[{"embeddable":true,"href":"https:\/\/amacg.lyceegutenberg.net\/index.php?rest_route=\/wp\/v2\/users\/2"}],"replies":[{"embeddable":true,"href":"https:\/\/amacg.lyceegutenberg.net\/index.php?rest_route=%2Fwp%2Fv2%2Fcomments&post=6871"}],"version-history":[{"count":6,"href":"https:\/\/amacg.lyceegutenberg.net\/index.php?rest_route=\/wp\/v2\/posts\/6871\/revisions"}],"predecessor-version":[{"id":6882,"href":"https:\/\/amacg.lyceegutenberg.net\/index.php?rest_route=\/wp\/v2\/posts\/6871\/revisions\/6882"}],"wp:attachment":[{"href":"https:\/\/amacg.lyceegutenberg.net\/index.php?rest_route=%2Fwp%2Fv2%2Fmedia&parent=6871"}],"wp:term":[{"taxonomy":"category","embeddable":true,"href":"https:\/\/amacg.lyceegutenberg.net\/index.php?rest_route=%2Fwp%2Fv2%2Fcategories&post=6871"},{"taxonomy":"post_tag","embeddable":true,"href":"https:\/\/amacg.lyceegutenberg.net\/index.php?rest_route=%2Fwp%2Fv2%2Ftags&post=6871"}],"curies":[{"name":"wp","href":"https:\/\/api.w.org\/{rel}","templated":true}]}}