{"id":6884,"date":"2025-10-14T09:03:03","date_gmt":"2025-10-14T07:03:03","guid":{"rendered":"https:\/\/amacg.lyceegutenberg.net\/?p=6884"},"modified":"2025-10-14T09:03:03","modified_gmt":"2025-10-14T07:03:03","slug":"logo-hp","status":"publish","type":"post","link":"https:\/\/amacg.lyceegutenberg.net\/?p=6884","title":{"rendered":"logo HP"},"content":{"rendered":"\n<figure class=\"wp-block-embed is-type-video is-provider-vimeo wp-block-embed-vimeo\"><div class=\"wp-block-embed__wrapper\">\n<iframe loading=\"lazy\" title=\"HP logo development film\" src=\"https:\/\/player.vimeo.com\/video\/163386332?dnt=1&amp;app_id=122963\" width=\"584\" height=\"438\" frameborder=\"0\" allow=\"autoplay; fullscreen; picture-in-picture; clipboard-write; encrypted-media; web-share\" referrerpolicy=\"strict-origin-when-cross-origin\"><\/iframe>\n<\/div><\/figure>\n\n\n\n<p>HP a fait r\u00e9cemment la une des journaux et suscit\u00e9 des \u00e9loges avec le lancement de son ordinateur portable Spectre 13, d&rsquo;une finesse remarquable. Mais ce n&rsquo;est pas la nouvelle machine haut de gamme qui a suscit\u00e9 l&rsquo;engouement, mais plut\u00f4t le logo minimaliste et \u00e9l\u00e9gant qui ornait le bo\u00eetier du 13. Quatre barres diagonales formant une version abstraite de l&#8217;embl\u00e8me HP se dressaient fi\u00e8rement au sommet du nouveau Spectre, signe d&rsquo;une entreprise en qu\u00eate de renouveau. Ce logo sera d\u00e9sormais pr\u00e9sent sur les gammes d&rsquo;ordinateurs portables HP Envy et Spectre, devenant ainsi un symbole haut de gamme. Il repr\u00e9sente un changement radical et avant-gardiste, pr\u00e9cis\u00e9ment ce que HP refusait d&rsquo;accepter en 2011, lors de la cr\u00e9ation du logo.<\/p>\n","protected":false},"excerpt":{"rendered":"<p>HP a fait r\u00e9cemment la une des journaux et suscit\u00e9 des \u00e9loges avec le lancement de son ordinateur portable Spectre 13, d&rsquo;une finesse remarquable. Mais ce n&rsquo;est pas la nouvelle machine haut de gamme qui a suscit\u00e9 l&rsquo;engouement, mais plut\u00f4t &hellip; <a href=\"https:\/\/amacg.lyceegutenberg.net\/?p=6884\">Continuer la lecture <span class=\"meta-nav\">&rarr;<\/span><\/a><\/p>\n","protected":false},"author":2,"featured_media":0,"comment_status":"closed","ping_status":"closed","sticky":false,"template":"","format":"standard","meta":{"footnotes":""},"categories":[22,18],"tags":[],"_links":{"self":[{"href":"https:\/\/amacg.lyceegutenberg.net\/index.php?rest_route=\/wp\/v2\/posts\/6884"}],"collection":[{"href":"https:\/\/amacg.lyceegutenberg.net\/index.php?rest_route=\/wp\/v2\/posts"}],"about":[{"href":"https:\/\/amacg.lyceegutenberg.net\/index.php?rest_route=\/wp\/v2\/types\/post"}],"author":[{"embeddable":true,"href":"https:\/\/amacg.lyceegutenberg.net\/index.php?rest_route=\/wp\/v2\/users\/2"}],"replies":[{"embeddable":true,"href":"https:\/\/amacg.lyceegutenberg.net\/index.php?rest_route=%2Fwp%2Fv2%2Fcomments&post=6884"}],"version-history":[{"count":1,"href":"https:\/\/amacg.lyceegutenberg.net\/index.php?rest_route=\/wp\/v2\/posts\/6884\/revisions"}],"predecessor-version":[{"id":6885,"href":"https:\/\/amacg.lyceegutenberg.net\/index.php?rest_route=\/wp\/v2\/posts\/6884\/revisions\/6885"}],"wp:attachment":[{"href":"https:\/\/amacg.lyceegutenberg.net\/index.php?rest_route=%2Fwp%2Fv2%2Fmedia&parent=6884"}],"wp:term":[{"taxonomy":"category","embeddable":true,"href":"https:\/\/amacg.lyceegutenberg.net\/index.php?rest_route=%2Fwp%2Fv2%2Fcategories&post=6884"},{"taxonomy":"post_tag","embeddable":true,"href":"https:\/\/amacg.lyceegutenberg.net\/index.php?rest_route=%2Fwp%2Fv2%2Ftags&post=6884"}],"curies":[{"name":"wp","href":"https:\/\/api.w.org\/{rel}","templated":true}]}}