{"id":6887,"date":"2025-10-14T11:32:17","date_gmt":"2025-10-14T09:32:17","guid":{"rendered":"https:\/\/amacg.lyceegutenberg.net\/?p=6887"},"modified":"2025-10-14T11:32:17","modified_gmt":"2025-10-14T09:32:17","slug":"jean-alessandrini","status":"publish","type":"post","link":"https:\/\/amacg.lyceegutenberg.net\/?p=6887","title":{"rendered":"Jean Alessandrini"},"content":{"rendered":"\n<figure class=\"wp-block-embed is-type-video is-provider-youtube wp-block-embed-youtube wp-embed-aspect-16-9 wp-has-aspect-ratio\"><div class=\"wp-block-embed__wrapper\">\n<iframe loading=\"lazy\" title=\"Jean ALESSANDRINI, dessinateur de caract\u00e8res typographiques - juin 2024\" width=\"584\" height=\"329\" src=\"https:\/\/www.youtube.com\/embed\/Pq79dMtCwSY?list=PLs6qghY4oAqzl4dyQ5wvmWJlXtIHIvD6C\" frameborder=\"0\" allow=\"accelerometer; autoplay; clipboard-write; encrypted-media; gyroscope; picture-in-picture; web-share\" referrerpolicy=\"strict-origin-when-cross-origin\" allowfullscreen><\/iframe>\n<\/div><\/figure>\n\n\n\n<p>portrait de Jean Alessandrini <br>dessinateur de caract\u00e8res typographiques <br>pr\u00e9sent\u00e9 par l&rsquo;<strong><a href=\"https:\/\/espace-gutenberg.fr\/fr\/\">Espace Europ\u00e9en Gutenberg<\/a><\/strong><\/p>\n","protected":false},"excerpt":{"rendered":"<p>portrait de Jean Alessandrini dessinateur de caract\u00e8res typographiques pr\u00e9sent\u00e9 par l&rsquo;Espace Europ\u00e9en Gutenberg<\/p>\n","protected":false},"author":2,"featured_media":0,"comment_status":"closed","ping_status":"closed","sticky":false,"template":"","format":"standard","meta":{"footnotes":""},"categories":[5],"tags":[],"_links":{"self":[{"href":"https:\/\/amacg.lyceegutenberg.net\/index.php?rest_route=\/wp\/v2\/posts\/6887"}],"collection":[{"href":"https:\/\/amacg.lyceegutenberg.net\/index.php?rest_route=\/wp\/v2\/posts"}],"about":[{"href":"https:\/\/amacg.lyceegutenberg.net\/index.php?rest_route=\/wp\/v2\/types\/post"}],"author":[{"embeddable":true,"href":"https:\/\/amacg.lyceegutenberg.net\/index.php?rest_route=\/wp\/v2\/users\/2"}],"replies":[{"embeddable":true,"href":"https:\/\/amacg.lyceegutenberg.net\/index.php?rest_route=%2Fwp%2Fv2%2Fcomments&post=6887"}],"version-history":[{"count":1,"href":"https:\/\/amacg.lyceegutenberg.net\/index.php?rest_route=\/wp\/v2\/posts\/6887\/revisions"}],"predecessor-version":[{"id":6888,"href":"https:\/\/amacg.lyceegutenberg.net\/index.php?rest_route=\/wp\/v2\/posts\/6887\/revisions\/6888"}],"wp:attachment":[{"href":"https:\/\/amacg.lyceegutenberg.net\/index.php?rest_route=%2Fwp%2Fv2%2Fmedia&parent=6887"}],"wp:term":[{"taxonomy":"category","embeddable":true,"href":"https:\/\/amacg.lyceegutenberg.net\/index.php?rest_route=%2Fwp%2Fv2%2Fcategories&post=6887"},{"taxonomy":"post_tag","embeddable":true,"href":"https:\/\/amacg.lyceegutenberg.net\/index.php?rest_route=%2Fwp%2Fv2%2Ftags&post=6887"}],"curies":[{"name":"wp","href":"https:\/\/api.w.org\/{rel}","templated":true}]}}