{"id":6909,"date":"2025-10-23T07:57:10","date_gmt":"2025-10-23T05:57:10","guid":{"rendered":"https:\/\/amacg.lyceegutenberg.net\/?p=6909"},"modified":"2025-10-23T07:57:10","modified_gmt":"2025-10-23T05:57:10","slug":"marion-kueny","status":"publish","type":"post","link":"https:\/\/amacg.lyceegutenberg.net\/?p=6909","title":{"rendered":"Marion Kueny"},"content":{"rendered":"\n<figure class=\"wp-block-image size-large\"><a href=\"https:\/\/amacg.lyceegutenberg.net\/wp-content\/uploads\/Capture-de\u0301cran-2025-10-23-a\u0300-07.40.38.png\"><img decoding=\"async\" loading=\"lazy\" width=\"768\" height=\"1024\" src=\"https:\/\/amacg.lyceegutenberg.net\/wp-content\/uploads\/Capture-de\u0301cran-2025-10-23-a\u0300-07.40.38-768x1024.png\" alt=\"\" class=\"wp-image-6910\" srcset=\"https:\/\/amacg.lyceegutenberg.net\/wp-content\/uploads\/Capture-de\u0301cran-2025-10-23-a\u0300-07.40.38-768x1024.png 768w, https:\/\/amacg.lyceegutenberg.net\/wp-content\/uploads\/Capture-de\u0301cran-2025-10-23-a\u0300-07.40.38-225x300.png 225w, https:\/\/amacg.lyceegutenberg.net\/wp-content\/uploads\/Capture-de\u0301cran-2025-10-23-a\u0300-07.40.38.png 850w\" sizes=\"(max-width: 768px) 100vw, 768px\" \/><\/a><\/figure>\n\n\n\n<p><strong><a href=\"https:\/\/www.instagram.com\/marionkueny\">Marion Kueny<\/a><\/strong> est graphiste, bas\u00e9e \u00e0 Paris depuis 2007. Elle intervient sur des projets d\u2019identit\u00e9 visuelle et d\u2019\u00e9dition pour diff\u00e9rents commanditaires essentiellement issus du domaine culturel, tels que les mus\u00e9es de Strasbourg, la direction des affaires culturelles de la ville de Paris, La Cri\u00e9e centre d\u2019art contemporain, Jeune Cr\u00e9ation, Johann Le Guillerm\u2014Cirque ici\u2026 \u00a0<\/p>\n\n\n\n<p>Elle consid\u00e8re que chaque projet, quelle que soit son envergure, doit \u00eatre une exp\u00e9rience visuelle et intellectuelle nouvelle et cr\u00e9er la rencontre avec l\u2019autre. Celui qui regarde et celui qui donne \u00e0 voir.<\/p>\n","protected":false},"excerpt":{"rendered":"<p>Marion Kueny est graphiste, bas\u00e9e \u00e0 Paris depuis 2007. Elle intervient sur des projets d\u2019identit\u00e9 visuelle et d\u2019\u00e9dition pour diff\u00e9rents commanditaires essentiellement issus du domaine culturel, tels que les mus\u00e9es de Strasbourg, la direction des affaires culturelles de la ville &hellip; <a href=\"https:\/\/amacg.lyceegutenberg.net\/?p=6909\">Continuer la lecture <span class=\"meta-nav\">&rarr;<\/span><\/a><\/p>\n","protected":false},"author":2,"featured_media":0,"comment_status":"closed","ping_status":"closed","sticky":false,"template":"","format":"standard","meta":{"footnotes":""},"categories":[11],"tags":[],"_links":{"self":[{"href":"https:\/\/amacg.lyceegutenberg.net\/index.php?rest_route=\/wp\/v2\/posts\/6909"}],"collection":[{"href":"https:\/\/amacg.lyceegutenberg.net\/index.php?rest_route=\/wp\/v2\/posts"}],"about":[{"href":"https:\/\/amacg.lyceegutenberg.net\/index.php?rest_route=\/wp\/v2\/types\/post"}],"author":[{"embeddable":true,"href":"https:\/\/amacg.lyceegutenberg.net\/index.php?rest_route=\/wp\/v2\/users\/2"}],"replies":[{"embeddable":true,"href":"https:\/\/amacg.lyceegutenberg.net\/index.php?rest_route=%2Fwp%2Fv2%2Fcomments&post=6909"}],"version-history":[{"count":1,"href":"https:\/\/amacg.lyceegutenberg.net\/index.php?rest_route=\/wp\/v2\/posts\/6909\/revisions"}],"predecessor-version":[{"id":6911,"href":"https:\/\/amacg.lyceegutenberg.net\/index.php?rest_route=\/wp\/v2\/posts\/6909\/revisions\/6911"}],"wp:attachment":[{"href":"https:\/\/amacg.lyceegutenberg.net\/index.php?rest_route=%2Fwp%2Fv2%2Fmedia&parent=6909"}],"wp:term":[{"taxonomy":"category","embeddable":true,"href":"https:\/\/amacg.lyceegutenberg.net\/index.php?rest_route=%2Fwp%2Fv2%2Fcategories&post=6909"},{"taxonomy":"post_tag","embeddable":true,"href":"https:\/\/amacg.lyceegutenberg.net\/index.php?rest_route=%2Fwp%2Fv2%2Ftags&post=6909"}],"curies":[{"name":"wp","href":"https:\/\/api.w.org\/{rel}","templated":true}]}}