{"id":6921,"date":"2025-11-04T07:42:20","date_gmt":"2025-11-04T05:42:20","guid":{"rendered":"https:\/\/amacg.lyceegutenberg.net\/?p=6921"},"modified":"2025-11-04T07:42:20","modified_gmt":"2025-11-04T05:42:20","slug":"les-rencontres-de-lure","status":"publish","type":"post","link":"https:\/\/amacg.lyceegutenberg.net\/?p=6921","title":{"rendered":"les Rencontres de Lure"},"content":{"rendered":"\n<figure class=\"wp-block-image size-large is-resized\"><a href=\"https:\/\/amacg.lyceegutenberg.net\/wp-content\/uploads\/2011-programme-page-01-1024x.jpg\"><img decoding=\"async\" loading=\"lazy\" width=\"714\" height=\"1024\" src=\"https:\/\/amacg.lyceegutenberg.net\/wp-content\/uploads\/2011-programme-page-01-1024x-714x1024.jpg\" alt=\"\" class=\"wp-image-6922\" style=\"aspect-ratio:0.697265625;width:412px;height:auto\" srcset=\"https:\/\/amacg.lyceegutenberg.net\/wp-content\/uploads\/2011-programme-page-01-1024x-714x1024.jpg 714w, https:\/\/amacg.lyceegutenberg.net\/wp-content\/uploads\/2011-programme-page-01-1024x-209x300.jpg 209w, https:\/\/amacg.lyceegutenberg.net\/wp-content\/uploads\/2011-programme-page-01-1024x-768x1102.jpg 768w, https:\/\/amacg.lyceegutenberg.net\/wp-content\/uploads\/2011-programme-page-01-1024x.jpg 1024w\" sizes=\"(max-width: 714px) 100vw, 714px\" \/><\/a><\/figure>\n\n\n\n<p>depuis 1952, dans le village de Lurs (dans le Lub\u00e9ron) <br>se r\u00e9unissent des typographes, des \u00e9diteurs, des graphistes <br>et d\u2019autres passionn\u00e9s des lettres, des signes et des \u00e9changes<br><br><strong><a href=\"https:\/\/chronologie.delure.org\/\">chronologie.delure.org<\/a><\/strong><br>ce site r\u00e9unit les archives <br>de 70 ans de programmation <br>des <strong>Rencontres internationales de Lure<\/strong> <br>regroup\u00e9es en p\u00e9riodes significatives <br>au regard de l\u2019\u00e9volution des m\u00e9tiers <br>et des techniques graphiques<\/p>\n","protected":false},"excerpt":{"rendered":"<p>depuis 1952, dans le village de Lurs (dans le Lub\u00e9ron) se r\u00e9unissent des typographes, des \u00e9diteurs, des graphistes et d\u2019autres passionn\u00e9s des lettres, des signes et des \u00e9changes chronologie.delure.orgce site r\u00e9unit les archives de 70 ans de programmation des Rencontres &hellip; <a href=\"https:\/\/amacg.lyceegutenberg.net\/?p=6921\">Continuer la lecture <span class=\"meta-nav\">&rarr;<\/span><\/a><\/p>\n","protected":false},"author":2,"featured_media":0,"comment_status":"closed","ping_status":"closed","sticky":false,"template":"","format":"standard","meta":{"footnotes":""},"categories":[5],"tags":[],"_links":{"self":[{"href":"https:\/\/amacg.lyceegutenberg.net\/index.php?rest_route=\/wp\/v2\/posts\/6921"}],"collection":[{"href":"https:\/\/amacg.lyceegutenberg.net\/index.php?rest_route=\/wp\/v2\/posts"}],"about":[{"href":"https:\/\/amacg.lyceegutenberg.net\/index.php?rest_route=\/wp\/v2\/types\/post"}],"author":[{"embeddable":true,"href":"https:\/\/amacg.lyceegutenberg.net\/index.php?rest_route=\/wp\/v2\/users\/2"}],"replies":[{"embeddable":true,"href":"https:\/\/amacg.lyceegutenberg.net\/index.php?rest_route=%2Fwp%2Fv2%2Fcomments&post=6921"}],"version-history":[{"count":1,"href":"https:\/\/amacg.lyceegutenberg.net\/index.php?rest_route=\/wp\/v2\/posts\/6921\/revisions"}],"predecessor-version":[{"id":6923,"href":"https:\/\/amacg.lyceegutenberg.net\/index.php?rest_route=\/wp\/v2\/posts\/6921\/revisions\/6923"}],"wp:attachment":[{"href":"https:\/\/amacg.lyceegutenberg.net\/index.php?rest_route=%2Fwp%2Fv2%2Fmedia&parent=6921"}],"wp:term":[{"taxonomy":"category","embeddable":true,"href":"https:\/\/amacg.lyceegutenberg.net\/index.php?rest_route=%2Fwp%2Fv2%2Fcategories&post=6921"},{"taxonomy":"post_tag","embeddable":true,"href":"https:\/\/amacg.lyceegutenberg.net\/index.php?rest_route=%2Fwp%2Fv2%2Ftags&post=6921"}],"curies":[{"name":"wp","href":"https:\/\/api.w.org\/{rel}","templated":true}]}}