{"id":6929,"date":"2025-11-04T08:12:02","date_gmt":"2025-11-04T06:12:02","guid":{"rendered":"https:\/\/amacg.lyceegutenberg.net\/?p=6929"},"modified":"2025-11-04T08:16:46","modified_gmt":"2025-11-04T06:16:46","slug":"arial-ou-helvetica","status":"publish","type":"post","link":"https:\/\/amacg.lyceegutenberg.net\/?p=6929","title":{"rendered":"arial ou helvetica ?"},"content":{"rendered":"\n<figure class=\"wp-block-embed is-type-video is-provider-youtube wp-block-embed-youtube wp-embed-aspect-16-9 wp-has-aspect-ratio\"><div class=\"wp-block-embed__wrapper\">\n<iframe loading=\"lazy\" title=\"Arial vs. Helvetica\" width=\"584\" height=\"329\" src=\"https:\/\/www.youtube.com\/embed\/2wNrCTH7A1s?feature=oembed\" frameborder=\"0\" allow=\"accelerometer; autoplay; clipboard-write; encrypted-media; gyroscope; picture-in-picture; web-share\" referrerpolicy=\"strict-origin-when-cross-origin\" allowfullscreen><\/iframe>\n<\/div><\/figure>\n\n\n\n<p>pour comprendre cette vid\u00e9o :<br>\u2014 les glyphes sont centr\u00e9s sur leur cadre de d\u00e9limitation respectif<br>\u2014 la partie blanche (Arial\/Helvetica) correspond \u00e0 l&rsquo;intersection des deux glyphes <br>et les parties color\u00e9es qui suivent repr\u00e9sentent leurs diff\u00e9rences<\/p>\n","protected":false},"excerpt":{"rendered":"<p>pour comprendre cette vid\u00e9o :\u2014 les glyphes sont centr\u00e9s sur leur cadre de d\u00e9limitation respectif\u2014 la partie blanche (Arial\/Helvetica) correspond \u00e0 l&rsquo;intersection des deux glyphes et les parties color\u00e9es qui suivent repr\u00e9sentent leurs diff\u00e9rences<\/p>\n","protected":false},"author":2,"featured_media":0,"comment_status":"closed","ping_status":"closed","sticky":false,"template":"","format":"standard","meta":{"footnotes":""},"categories":[5],"tags":[],"_links":{"self":[{"href":"https:\/\/amacg.lyceegutenberg.net\/index.php?rest_route=\/wp\/v2\/posts\/6929"}],"collection":[{"href":"https:\/\/amacg.lyceegutenberg.net\/index.php?rest_route=\/wp\/v2\/posts"}],"about":[{"href":"https:\/\/amacg.lyceegutenberg.net\/index.php?rest_route=\/wp\/v2\/types\/post"}],"author":[{"embeddable":true,"href":"https:\/\/amacg.lyceegutenberg.net\/index.php?rest_route=\/wp\/v2\/users\/2"}],"replies":[{"embeddable":true,"href":"https:\/\/amacg.lyceegutenberg.net\/index.php?rest_route=%2Fwp%2Fv2%2Fcomments&post=6929"}],"version-history":[{"count":5,"href":"https:\/\/amacg.lyceegutenberg.net\/index.php?rest_route=\/wp\/v2\/posts\/6929\/revisions"}],"predecessor-version":[{"id":6934,"href":"https:\/\/amacg.lyceegutenberg.net\/index.php?rest_route=\/wp\/v2\/posts\/6929\/revisions\/6934"}],"wp:attachment":[{"href":"https:\/\/amacg.lyceegutenberg.net\/index.php?rest_route=%2Fwp%2Fv2%2Fmedia&parent=6929"}],"wp:term":[{"taxonomy":"category","embeddable":true,"href":"https:\/\/amacg.lyceegutenberg.net\/index.php?rest_route=%2Fwp%2Fv2%2Fcategories&post=6929"},{"taxonomy":"post_tag","embeddable":true,"href":"https:\/\/amacg.lyceegutenberg.net\/index.php?rest_route=%2Fwp%2Fv2%2Ftags&post=6929"}],"curies":[{"name":"wp","href":"https:\/\/api.w.org\/{rel}","templated":true}]}}