{"id":6942,"date":"2025-11-04T11:38:03","date_gmt":"2025-11-04T09:38:03","guid":{"rendered":"https:\/\/amacg.lyceegutenberg.net\/?p=6942"},"modified":"2025-11-04T11:38:03","modified_gmt":"2025-11-04T09:38:03","slug":"fonts-and-faces","status":"publish","type":"post","link":"https:\/\/amacg.lyceegutenberg.net\/?p=6942","title":{"rendered":"Fonts and Faces"},"content":{"rendered":"\n<figure class=\"wp-block-image size-large\"><a href=\"https:\/\/amacg.lyceegutenberg.net\/wp-content\/uploads\/Colloque-12.jpg\"><img decoding=\"async\" loading=\"lazy\" width=\"819\" height=\"1024\" src=\"https:\/\/amacg.lyceegutenberg.net\/wp-content\/uploads\/Colloque-12-819x1024.jpg\" alt=\"\" class=\"wp-image-6943\" srcset=\"https:\/\/amacg.lyceegutenberg.net\/wp-content\/uploads\/Colloque-12-819x1024.jpg 819w, https:\/\/amacg.lyceegutenberg.net\/wp-content\/uploads\/Colloque-12-240x300.jpg 240w, https:\/\/amacg.lyceegutenberg.net\/wp-content\/uploads\/Colloque-12-768x960.jpg 768w, https:\/\/amacg.lyceegutenberg.net\/wp-content\/uploads\/Colloque-12.jpg 1080w\" sizes=\"(max-width: 819px) 100vw, 819px\" \/><\/a><\/figure>\n\n\n\n<p>Le <strong><a href=\"https:\/\/www.campusfonderiedelimage.org\/\">Campus Fonderie de l\u2019Image<\/a><\/strong> \u00e0 Paris organise pour la 12<sup>e<\/sup> ann\u00e9e cons\u00e9cutive le Colloque International de Typographie, Fonts and Faces, <strong>mercredi 5\u00a0novembre 2025<\/strong>.<\/p>\n\n\n\n<p>Chaque ann\u00e9e, le Colloque International de Typographie r\u00e9unit les\u00a0<strong>professionnels de la typographie<\/strong>, praticiens comme chercheurs, autour d\u2019une\u00a0<strong>journ\u00e9e de conf\u00e9rences<\/strong> d\u00e9di\u00e9e \u00e0\u00a0la discipline.\u00a0<\/p>\n\n\n\n<p>L&rsquo;affiche a \u00e9t\u00e9 r\u00e9alis\u00e9e par <strong><a href=\"https:\/\/www.instagram.com\/smnrnd\/\">Simon Renaud<\/a><\/strong><br>&amp; imprim\u00e9e chez <strong><a href=\"https:\/\/lezard-graphique.com\/\">L\u00e9zard Graphique<\/a><\/strong> \u00e0 Brumath<\/p>\n","protected":false},"excerpt":{"rendered":"<p>Le Campus Fonderie de l\u2019Image \u00e0 Paris organise pour la 12e ann\u00e9e cons\u00e9cutive le Colloque International de Typographie, Fonts and Faces, mercredi 5\u00a0novembre 2025. Chaque ann\u00e9e, le Colloque International de Typographie r\u00e9unit les\u00a0professionnels de la typographie, praticiens comme chercheurs, autour &hellip; <a href=\"https:\/\/amacg.lyceegutenberg.net\/?p=6942\">Continuer la lecture <span class=\"meta-nav\">&rarr;<\/span><\/a><\/p>\n","protected":false},"author":2,"featured_media":0,"comment_status":"closed","ping_status":"closed","sticky":false,"template":"","format":"standard","meta":{"footnotes":""},"categories":[10,5],"tags":[],"_links":{"self":[{"href":"https:\/\/amacg.lyceegutenberg.net\/index.php?rest_route=\/wp\/v2\/posts\/6942"}],"collection":[{"href":"https:\/\/amacg.lyceegutenberg.net\/index.php?rest_route=\/wp\/v2\/posts"}],"about":[{"href":"https:\/\/amacg.lyceegutenberg.net\/index.php?rest_route=\/wp\/v2\/types\/post"}],"author":[{"embeddable":true,"href":"https:\/\/amacg.lyceegutenberg.net\/index.php?rest_route=\/wp\/v2\/users\/2"}],"replies":[{"embeddable":true,"href":"https:\/\/amacg.lyceegutenberg.net\/index.php?rest_route=%2Fwp%2Fv2%2Fcomments&post=6942"}],"version-history":[{"count":1,"href":"https:\/\/amacg.lyceegutenberg.net\/index.php?rest_route=\/wp\/v2\/posts\/6942\/revisions"}],"predecessor-version":[{"id":6944,"href":"https:\/\/amacg.lyceegutenberg.net\/index.php?rest_route=\/wp\/v2\/posts\/6942\/revisions\/6944"}],"wp:attachment":[{"href":"https:\/\/amacg.lyceegutenberg.net\/index.php?rest_route=%2Fwp%2Fv2%2Fmedia&parent=6942"}],"wp:term":[{"taxonomy":"category","embeddable":true,"href":"https:\/\/amacg.lyceegutenberg.net\/index.php?rest_route=%2Fwp%2Fv2%2Fcategories&post=6942"},{"taxonomy":"post_tag","embeddable":true,"href":"https:\/\/amacg.lyceegutenberg.net\/index.php?rest_route=%2Fwp%2Fv2%2Ftags&post=6942"}],"curies":[{"name":"wp","href":"https:\/\/api.w.org\/{rel}","templated":true}]}}