{"id":6949,"date":"2025-11-08T06:40:06","date_gmt":"2025-11-08T04:40:06","guid":{"rendered":"https:\/\/amacg.lyceegutenberg.net\/?p=6949"},"modified":"2025-11-10T10:48:26","modified_gmt":"2025-11-10T08:48:26","slug":"st_art-2025","status":"publish","type":"post","link":"https:\/\/amacg.lyceegutenberg.net\/?p=6949","title":{"rendered":"ST_ART 2025"},"content":{"rendered":"\n<figure class=\"wp-block-image size-large\"><a href=\"https:\/\/amacg.lyceegutenberg.net\/wp-content\/uploads\/st25-paysage.png\"><img decoding=\"async\" loading=\"lazy\" width=\"1024\" height=\"587\" src=\"https:\/\/amacg.lyceegutenberg.net\/wp-content\/uploads\/st25-paysage-1024x587.png\" alt=\"\" class=\"wp-image-6950\" srcset=\"https:\/\/amacg.lyceegutenberg.net\/wp-content\/uploads\/st25-paysage-1024x587.png 1024w, https:\/\/amacg.lyceegutenberg.net\/wp-content\/uploads\/st25-paysage-300x172.png 300w, https:\/\/amacg.lyceegutenberg.net\/wp-content\/uploads\/st25-paysage-768x440.png 768w, https:\/\/amacg.lyceegutenberg.net\/wp-content\/uploads\/st25-paysage-500x287.png 500w, https:\/\/amacg.lyceegutenberg.net\/wp-content\/uploads\/st25-paysage.png 1200w\" sizes=\"(max-width: 1024px) 100vw, 1024px\" \/><\/a><\/figure>\n\n\n\n<p>Avec pr\u00e8s de&nbsp;13 000 visiteurs en 2024, ST-ART s\u2019impose parmi les \u00e9v\u00e9nements incontournables du march\u00e9 de&nbsp;l\u2019art europ\u00e9en \u00e0 Strasbourg !<br><br>plus d&rsquo;informations par <strong><a href=\"https:\/\/www.st-art.com\/fr\/presentation\">ici <\/a><\/strong><\/p>\n","protected":false},"excerpt":{"rendered":"<p>Avec pr\u00e8s de&nbsp;13 000 visiteurs en 2024, ST-ART s\u2019impose parmi les \u00e9v\u00e9nements incontournables du march\u00e9 de&nbsp;l\u2019art europ\u00e9en \u00e0 Strasbourg ! plus d&rsquo;informations par ici<\/p>\n","protected":false},"author":2,"featured_media":0,"comment_status":"closed","ping_status":"closed","sticky":false,"template":"","format":"standard","meta":{"footnotes":""},"categories":[10,32],"tags":[],"_links":{"self":[{"href":"https:\/\/amacg.lyceegutenberg.net\/index.php?rest_route=\/wp\/v2\/posts\/6949"}],"collection":[{"href":"https:\/\/amacg.lyceegutenberg.net\/index.php?rest_route=\/wp\/v2\/posts"}],"about":[{"href":"https:\/\/amacg.lyceegutenberg.net\/index.php?rest_route=\/wp\/v2\/types\/post"}],"author":[{"embeddable":true,"href":"https:\/\/amacg.lyceegutenberg.net\/index.php?rest_route=\/wp\/v2\/users\/2"}],"replies":[{"embeddable":true,"href":"https:\/\/amacg.lyceegutenberg.net\/index.php?rest_route=%2Fwp%2Fv2%2Fcomments&post=6949"}],"version-history":[{"count":2,"href":"https:\/\/amacg.lyceegutenberg.net\/index.php?rest_route=\/wp\/v2\/posts\/6949\/revisions"}],"predecessor-version":[{"id":6963,"href":"https:\/\/amacg.lyceegutenberg.net\/index.php?rest_route=\/wp\/v2\/posts\/6949\/revisions\/6963"}],"wp:attachment":[{"href":"https:\/\/amacg.lyceegutenberg.net\/index.php?rest_route=%2Fwp%2Fv2%2Fmedia&parent=6949"}],"wp:term":[{"taxonomy":"category","embeddable":true,"href":"https:\/\/amacg.lyceegutenberg.net\/index.php?rest_route=%2Fwp%2Fv2%2Fcategories&post=6949"},{"taxonomy":"post_tag","embeddable":true,"href":"https:\/\/amacg.lyceegutenberg.net\/index.php?rest_route=%2Fwp%2Fv2%2Ftags&post=6949"}],"curies":[{"name":"wp","href":"https:\/\/api.w.org\/{rel}","templated":true}]}}