{"id":7145,"date":"2026-04-23T08:42:16","date_gmt":"2026-04-23T06:42:16","guid":{"rendered":"https:\/\/amacg.lyceegutenberg.net\/?p=7145"},"modified":"2026-04-23T08:43:30","modified_gmt":"2026-04-23T06:43:30","slug":"graphisme-en-france-2026","status":"publish","type":"post","link":"https:\/\/amacg.lyceegutenberg.net\/?p=7145","title":{"rendered":"Graphisme en France 2026"},"content":{"rendered":"\n<figure class=\"wp-block-image size-large\"><a href=\"https:\/\/amacg.lyceegutenberg.net\/wp-content\/uploads\/GF-2026-FEUILLES-5_4-4-copie.webp\"><img decoding=\"async\" loading=\"lazy\" width=\"1024\" height=\"819\" src=\"https:\/\/amacg.lyceegutenberg.net\/wp-content\/uploads\/GF-2026-FEUILLES-5_4-4-copie-1024x819.webp\" alt=\"\" class=\"wp-image-7146\" srcset=\"https:\/\/amacg.lyceegutenberg.net\/wp-content\/uploads\/GF-2026-FEUILLES-5_4-4-copie-1024x819.webp 1024w, https:\/\/amacg.lyceegutenberg.net\/wp-content\/uploads\/GF-2026-FEUILLES-5_4-4-copie-300x240.webp 300w, https:\/\/amacg.lyceegutenberg.net\/wp-content\/uploads\/GF-2026-FEUILLES-5_4-4-copie-768x614.webp 768w, https:\/\/amacg.lyceegutenberg.net\/wp-content\/uploads\/GF-2026-FEUILLES-5_4-4-copie-375x300.webp 375w, https:\/\/amacg.lyceegutenberg.net\/wp-content\/uploads\/GF-2026-FEUILLES-5_4-4-copie.webp 1280w\" sizes=\"(max-width: 1024px) 100vw, 1024px\" \/><\/a><\/figure>\n\n\n\n<p>comme tous les ans le <a href=\"https:\/\/www.cnap.fr\/\" target=\"_blank\" rel=\"noreferrer noopener\"><strong>CNAP<\/strong><\/a> (Centre National des Arts Plastiques)<br>\u00e9dite sa publication autour du design graphique<\/p>\n\n\n\n<p>cette revue est \u00e0 t\u00e9l\u00e9charger sur leur site \u00e0 cette page tout en bas :<br><strong><a href=\"https:\/\/www.cnap.fr\/actualites\/graphisme-en-france\">www.cnap.fr\/actualites\/graphisme-en-france<\/a><\/strong><\/p>\n\n\n\n<p>bonne lecture !<\/p>\n","protected":false},"excerpt":{"rendered":"<p>comme tous les ans le CNAP (Centre National des Arts Plastiques)\u00e9dite sa publication autour du design graphique cette revue est \u00e0 t\u00e9l\u00e9charger sur leur site \u00e0 cette page tout en bas :www.cnap.fr\/actualites\/graphisme-en-france bonne lecture !<\/p>\n","protected":false},"author":2,"featured_media":0,"comment_status":"closed","ping_status":"closed","sticky":false,"template":"","format":"standard","meta":{"footnotes":""},"categories":[11,12,5],"tags":[],"_links":{"self":[{"href":"https:\/\/amacg.lyceegutenberg.net\/index.php?rest_route=\/wp\/v2\/posts\/7145"}],"collection":[{"href":"https:\/\/amacg.lyceegutenberg.net\/index.php?rest_route=\/wp\/v2\/posts"}],"about":[{"href":"https:\/\/amacg.lyceegutenberg.net\/index.php?rest_route=\/wp\/v2\/types\/post"}],"author":[{"embeddable":true,"href":"https:\/\/amacg.lyceegutenberg.net\/index.php?rest_route=\/wp\/v2\/users\/2"}],"replies":[{"embeddable":true,"href":"https:\/\/amacg.lyceegutenberg.net\/index.php?rest_route=%2Fwp%2Fv2%2Fcomments&post=7145"}],"version-history":[{"count":3,"href":"https:\/\/amacg.lyceegutenberg.net\/index.php?rest_route=\/wp\/v2\/posts\/7145\/revisions"}],"predecessor-version":[{"id":7149,"href":"https:\/\/amacg.lyceegutenberg.net\/index.php?rest_route=\/wp\/v2\/posts\/7145\/revisions\/7149"}],"wp:attachment":[{"href":"https:\/\/amacg.lyceegutenberg.net\/index.php?rest_route=%2Fwp%2Fv2%2Fmedia&parent=7145"}],"wp:term":[{"taxonomy":"category","embeddable":true,"href":"https:\/\/amacg.lyceegutenberg.net\/index.php?rest_route=%2Fwp%2Fv2%2Fcategories&post=7145"},{"taxonomy":"post_tag","embeddable":true,"href":"https:\/\/amacg.lyceegutenberg.net\/index.php?rest_route=%2Fwp%2Fv2%2Ftags&post=7145"}],"curies":[{"name":"wp","href":"https:\/\/api.w.org\/{rel}","templated":true}]}}