{"id":863,"date":"2012-07-01T10:01:50","date_gmt":"2012-07-01T08:01:50","guid":{"rendered":"http:\/\/amacg.lyceegutenberg.net\/?p=863"},"modified":"2012-07-01T10:02:28","modified_gmt":"2012-07-01T08:02:28","slug":"quelques-travaux","status":"publish","type":"post","link":"https:\/\/amacg.lyceegutenberg.net\/?p=863","title":{"rendered":"Quelques travaux&#8230;"},"content":{"rendered":"<p>Les profs aussi vont \u00e0 l&rsquo;\u00e9cole :-).<br \/>\nCi-dessous un mini-site book de pr\u00e9sentation de travaux r\u00e9alis\u00e9 en formation et publi\u00e9 sur :<br \/>\n<a href=\"http:\/\/travaux-cg-cv.lyceegutenberg.net\/tg2012\/\" target=\"_blank\">http:\/\/travaux-cg-cv.lyceegutenberg.net\/tg2012\/<\/a><\/p>\n<p><a href=\"http:\/\/travaux-cg-cv.lyceegutenberg.net\/tg2012\/\" target=\"_blank\"><img decoding=\"async\" loading=\"lazy\" class=\"alignnone size-medium wp-image-864\" title=\"Capture-d\u2019\u00e9cran-2012-07-01-\u00e0-09.31\" src=\"http:\/\/amacg.lyceegutenberg.net\/wp-content\/uploads\/2012\/07\/01\/quelques-travaux\/Capture-d\u2019\u00e9cran-2012-07-01-\u00e0-09.31-300x242.jpg\" alt=\"Capture-d\u2019\u00e9cran-2012-07-01-\u00e0-09.31\" width=\"300\" height=\"242\" srcset=\"https:\/\/amacg.lyceegutenberg.net\/wp-content\/uploads\/2012\/07\/01\/quelques-travaux\/Capture-d\u2019\u00e9cran-2012-07-01-\u00e0-09.31-300x242.jpg 300w, https:\/\/amacg.lyceegutenberg.net\/wp-content\/uploads\/2012\/07\/01\/quelques-travaux\/Capture-d\u2019\u00e9cran-2012-07-01-\u00e0-09.31.jpg 400w\" sizes=\"(max-width: 300px) 100vw, 300px\" \/><\/a><\/p>\n","protected":false},"excerpt":{"rendered":"<p>Les profs aussi vont \u00e0 l&rsquo;\u00e9cole :-). Ci-dessous un mini-site book de pr\u00e9sentation de travaux r\u00e9alis\u00e9 en formation et publi\u00e9 sur : http:\/\/travaux-cg-cv.lyceegutenberg.net\/tg2012\/<\/p>\n","protected":false},"author":20,"featured_media":0,"comment_status":"closed","ping_status":"closed","sticky":false,"template":"","format":"standard","meta":{"footnotes":""},"categories":[1],"tags":[],"_links":{"self":[{"href":"https:\/\/amacg.lyceegutenberg.net\/index.php?rest_route=\/wp\/v2\/posts\/863"}],"collection":[{"href":"https:\/\/amacg.lyceegutenberg.net\/index.php?rest_route=\/wp\/v2\/posts"}],"about":[{"href":"https:\/\/amacg.lyceegutenberg.net\/index.php?rest_route=\/wp\/v2\/types\/post"}],"author":[{"embeddable":true,"href":"https:\/\/amacg.lyceegutenberg.net\/index.php?rest_route=\/wp\/v2\/users\/20"}],"replies":[{"embeddable":true,"href":"https:\/\/amacg.lyceegutenberg.net\/index.php?rest_route=%2Fwp%2Fv2%2Fcomments&post=863"}],"version-history":[{"count":3,"href":"https:\/\/amacg.lyceegutenberg.net\/index.php?rest_route=\/wp\/v2\/posts\/863\/revisions"}],"predecessor-version":[{"id":881,"href":"https:\/\/amacg.lyceegutenberg.net\/index.php?rest_route=\/wp\/v2\/posts\/863\/revisions\/881"}],"wp:attachment":[{"href":"https:\/\/amacg.lyceegutenberg.net\/index.php?rest_route=%2Fwp%2Fv2%2Fmedia&parent=863"}],"wp:term":[{"taxonomy":"category","embeddable":true,"href":"https:\/\/amacg.lyceegutenberg.net\/index.php?rest_route=%2Fwp%2Fv2%2Fcategories&post=863"},{"taxonomy":"post_tag","embeddable":true,"href":"https:\/\/amacg.lyceegutenberg.net\/index.php?rest_route=%2Fwp%2Fv2%2Ftags&post=863"}],"curies":[{"name":"wp","href":"https:\/\/api.w.org\/{rel}","templated":true}]}}